{"id":9085,"date":"2023-04-13T08:50:16","date_gmt":"2023-04-13T06:50:16","guid":{"rendered":"https:\/\/jacekplacek.com.pl\/?p=9085"},"modified":"2024-03-22T15:01:31","modified_gmt":"2024-03-22T14:01:31","slug":"hur-man-organiserar-en-nattvard","status":"publish","type":"post","link":"https:\/\/jacekplacek.com.pl\/sv\/hur-man-organiserar-en-nattvard\/","title":{"rendered":"Hur organiserar man f\u00f6rsta nattvarden och vilken t\u00e5rta ska man v\u00e4lja?"},"content":{"rendered":"<p><span style=\"font-weight: 400;\">F\u00f6rsta nattvarden \u00e4r en mycket viktig h\u00e4ndelse f\u00f6r barnet och hela familjen. En viktig del av detta firande \u00e4r mottagningen, som kan vara en utmaning att organisera. Du m\u00e5ste t\u00e4nka p\u00e5 inbjudningar, menyer, t\u00e5rtor, bilder... och ta hand om allt i god tid. En bra handlingsplan \u00e4r dock grunden f\u00f6r ett lyckat evenemang! I den h\u00e4r artikeln kommer du att l\u00e4ra dig vad du ska vara uppm\u00e4rksam p\u00e5 under f\u00f6rberedelsen och vilken t\u00e5rta du kan v\u00e4lja f\u00f6r detta tillf\u00e4lle.<\/span><\/p>\n<p><a href=\"https:\/\/jacekplacek.com.pl\/sv\/produktkategori\/kakor\/nattvardstartor\/\"><img fetchpriority=\"high\" decoding=\"async\" class=\"alignleft wp-image-9099 size-thumbnail\" src=\"https:\/\/jacekplacek.com.pl\/wp-content\/uploads\/2023\/04\/2022-04-28-Tort-kom-212-300x250.jpg\" alt=\"\" width=\"300\" height=\"250\" \/><\/a><\/p>\n<h2><b>Organisera en f\u00f6rsta nattvardsfest steg f\u00f6r steg<\/b><\/h2>\n<p><span style=\"font-weight: 400;\">I den f\u00f6rsta punkten i v\u00e5r handlingsplan b\u00f6r vi \u00f6verv\u00e4ga vem vi skulle vilja bjuda in till nattvarden och skapa en g\u00e4stlista, eftersom deras antal kommer att p\u00e5verka v\u00e5ra fortsatta steg. F\u00f6rst och fr\u00e4mst, n\u00e4r det kommer till att best\u00e4mma platsen f\u00f6r festen \u2013 kan vi ta emot alla hemma eller \u00e4r det b\u00e4ttre att flytta till en restaurang eller festlokal? N\u00e4sta steg \u00e4r att designa First Communion-inbjudningar och skicka dem till alla personer p\u00e5 v\u00e5r g\u00e4stlista. Om vi vill boka en professionell fotograf eller barnanimat\u00f6r till ceremonin r\u00e5der vi dig att inte l\u00e4mna dessa beslut f\u00f6rr\u00e4n i sista minuten, f\u00f6r att inte f\u00e5 reda p\u00e5 att datumet du \u00e4r intresserad av redan \u00e4r bokat. Inslag som \u00e4r v\u00e4rda att t\u00e4nka p\u00e5 \u00e4r ocks\u00e5 parkeringsplatser f\u00f6r v\u00e5ra g\u00e4ster \u2013 om vi anv\u00e4nder ett hyrt rum p\u00e5 restaurang eller hotell, bakgrundsmusik som kommer att h\u00f6ras under mottagningen, blomsterdekorationer eller sm\u00e5 presenter till g\u00e4sterna. Om du anv\u00e4nder ett hyrt rum kommer personalen att f\u00f6resl\u00e5 att du ordnar borden, men det \u00e4r v\u00e4rt att komma ih\u00e5g att dekorera ditt barns plats. Lokalen b\u00f6r bokas s\u00e5 l\u00e5ngt i f\u00f6rv\u00e4g som m\u00f6jligt, eftersom det \u00e4r mycket tr\u00e5ngt i maj.\u00a0<\/span><\/p>\n<h2><b>Vilka r\u00e4tter och kakor ska du f\u00f6rbereda inf\u00f6r nattvarden?<\/b><\/h2>\n<p><span style=\"font-weight: 400;\">N\u00e4sta i v\u00e5r plan b\u00f6rjar vi komma med en upps\u00e4ttning r\u00e4tter, inklusive en s\u00f6t godis. Beroende p\u00e5 vilket val vi har gjort n\u00e4r det g\u00e4ller platsen f\u00f6r evenemanget kommer vi ocks\u00e5 att organisera menyn - laga r\u00e4tter sj\u00e4lva hemma eller v\u00e4lja dem fr\u00e5n utbudet av en restaurang eller cateringfirma. Menyn b\u00f6r verkligen inneh\u00e5lla soppa, varmr\u00e4tt, aptitretare, drycker och desserter. Det \u00e4r v\u00e4rt att uppm\u00e4rksamma vegetariska f\u00f6rem\u00e5l p\u00e5 menyn, p\u00e5 grund av g\u00e4sternas olika preferenser. N\u00e4r det kommer till s\u00f6ta bakverk r\u00e5der vi dig att lita p\u00e5 proffs och best\u00e4lla kakor och annat godis fr\u00e5n en bepr\u00f6vad konfektaff\u00e4r. En bra id\u00e9 \u00e4r att ordna ett godisbord <\/span><span style=\"font-weight: 400;\">med olika desserter, t.ex. muffins, minit\u00e5rtor, hembakade kakor och kakor. Det blir en garanterad attraktion p\u00e5 festen, speciellt f\u00f6r barn.\u00a0<\/span><\/p>\n<p><a href=\"https:\/\/jacekplacek.com.pl\/sv\/produktkategori\/kakor\/nattvardstartor\/\"><img decoding=\"async\" class=\"alignright wp-image-9096 size-thumbnail\" src=\"https:\/\/jacekplacek.com.pl\/wp-content\/uploads\/2023\/04\/2022-04-27-Tort-kom-161-300x250.jpg\" alt=\"\" width=\"300\" height=\"250\" \/><\/a><\/p>\n<h2><b>En unik t\u00e5rta f\u00f6r f\u00f6rsta nattvarden<\/b><\/h2>\n<p><span style=\"font-weight: 400;\">Slutligen finns det ytterligare ett viktigt inslag som inte kan saknas vid barnets firande - det \u00e4r naturligtvis \u21d2<strong><span style=\"color: #3366ff;\">\u00a0<\/span><\/strong><\/span><strong><span style=\"color: #3366ff;\"><a style=\"color: #3366ff;\" href=\"https:\/\/jacekplacek.com.pl\/sv\/produktkategori\/kakor\/nattvardstartor\/\">nattvardst\u00e5rta<\/a><\/span><\/strong><span style=\"font-weight: 400;\"><strong><span style=\"color: #3366ff;\">.<\/span> <\/strong>Om vi vill att t\u00e5rtan ska ha enstaka dekorationer och en specifik form, t.ex. en bok, s\u00e5 rekommenderar vi \u00e4ven att anv\u00e4nda erbjudandet av en professionell konditori som har ett brett utbud av t\u00e5rtor. Konditorer hj\u00e4lper oss att v\u00e4lja ingredienser och dekorationer och ger oss \u00e4ven r\u00e5d om vilken form av t\u00e5rta som passar b\u00e4st f\u00f6r ett visst antal g\u00e4ster. Vi kommer att v\u00e4lja den optimala formen och storleken p\u00e5 kakan med hj\u00e4lp av \u21d2 <strong><span style=\"color: #3366ff;\"><a style=\"color: #3366ff;\" href=\"https:\/\/jacekplacek.com.pl\/sv\/kakor-och-desserter-till-nattvarden\/\">v\u00e5rt tidigare inl\u00e4gg.<\/a><\/span><\/strong> Det kan till exempel vara en rektangul\u00e4r eller rund nattvardst\u00e5rta, dekorerad med en tryckt r\u00e5n, levande blommor eller frukt. Bokformade t\u00e5rtor har blivit ganska popul\u00e4ra f\u00f6r detta firande och dekoreras ocks\u00e5 enligt kundernas preferenser. Naturligtvis, f\u00f6rutom kakans utseende, \u00e4r dess smak lika viktig - h\u00e4r r\u00e5der vi dig att lita p\u00e5 ditt barns smak, l\u00e5t honom v\u00e4lja sin favoritkr\u00e4m och typ av kaka. Det \u00e4r v\u00e4rt att till\u00e4gga att n\u00e4r vi best\u00e4ller en t\u00e5rta eller andra bakverk fr\u00e5n konfektyrbutiken kan vi r\u00e4kna med att de levereras till den angivna adressen, vilket kommer att g\u00f6ra det mycket l\u00e4ttare att organisera hela festen.<\/span><\/p>\n<p><a href=\"https:\/\/jacekplacek.com.pl\/sv\/produktkategori\/kakor\/nattvardstartor\/\"><img decoding=\"async\" class=\"aligncenter wp-image-9098 size-full\" src=\"https:\/\/jacekplacek.com.pl\/wp-content\/uploads\/2023\/04\/2022-04-27-Tort-kom-057.jpg\" alt=\"\" width=\"1200\" height=\"800\" srcset=\"https:\/\/jacekplacek.com.pl\/wp-content\/uploads\/2023\/04\/2022-04-27-Tort-kom-057.jpg 1200w, https:\/\/jacekplacek.com.pl\/wp-content\/uploads\/2023\/04\/2022-04-27-Tort-kom-057-350x233.jpg 350w, https:\/\/jacekplacek.com.pl\/wp-content\/uploads\/2023\/04\/2022-04-27-Tort-kom-057-768x512.jpg 768w, https:\/\/jacekplacek.com.pl\/wp-content\/uploads\/2023\/04\/2022-04-27-Tort-kom-057-600x400.jpg 600w\" sizes=\"(max-width: 1200px) 100vw, 1200px\" \/><\/a><\/p>\n<p>&nbsp;<\/p>\n<p><span style=\"font-weight: 400;\">\u00a0<\/span><\/p>","protected":false},"excerpt":{"rendered":"<p>Pierwsza Komunia \u015awi\u0119ta to bardzo wa\u017cne wydarzenie dla dziecka, jak r\u00f3wnie\u017c dla ca\u0142ej rodziny. Istotnym elementem tej uroczysto\u015bci jest przyj\u0119cie, kt\u00f3rego zorganizowanie bywa nie lada wyzwaniem. Trzeba pomy\u015ble\u0107 o zaproszeniach, menu, torcie, zdj\u0119ciach\u2026 i o wszystko zadba\u0107 odpowiednio wcze\u015bniej. Jednak dobry plan dzia\u0142ania to podstawa udanej imprezy! W tym artykule dowiecie si\u0119, na co zwr\u00f3ci\u0107 [&hellip;]<\/p>","protected":false},"author":129,"featured_media":9099,"comment_status":"closed","ping_status":"closed","sticky":false,"template":"","format":"standard","meta":{"content-type":"","footnotes":""},"categories":[1],"tags":[],"class_list":["post-9085","post","type-post","status-publish","format-standard","has-post-thumbnail","hentry","category-aktualnosci","entry","has-media","owp-thumbs-layout-horizontal","owp-btn-normal","owp-tabs-layout-horizontal","has-no-thumbnails","has-product-nav"],"acf":[],"_links":{"self":[{"href":"https:\/\/jacekplacek.com.pl\/sv\/wp-json\/wp\/v2\/posts\/9085","targetHints":{"allow":["GET"]}}],"collection":[{"href":"https:\/\/jacekplacek.com.pl\/sv\/wp-json\/wp\/v2\/posts"}],"about":[{"href":"https:\/\/jacekplacek.com.pl\/sv\/wp-json\/wp\/v2\/types\/post"}],"author":[{"embeddable":true,"href":"https:\/\/jacekplacek.com.pl\/sv\/wp-json\/wp\/v2\/users\/129"}],"replies":[{"embeddable":true,"href":"https:\/\/jacekplacek.com.pl\/sv\/wp-json\/wp\/v2\/comments?post=9085"}],"version-history":[{"count":0,"href":"https:\/\/jacekplacek.com.pl\/sv\/wp-json\/wp\/v2\/posts\/9085\/revisions"}],"wp:featuredmedia":[{"embeddable":true,"href":"https:\/\/jacekplacek.com.pl\/sv\/wp-json\/wp\/v2\/media\/9099"}],"wp:attachment":[{"href":"https:\/\/jacekplacek.com.pl\/sv\/wp-json\/wp\/v2\/media?parent=9085"}],"wp:term":[{"taxonomy":"category","embeddable":true,"href":"https:\/\/jacekplacek.com.pl\/sv\/wp-json\/wp\/v2\/categories?post=9085"},{"taxonomy":"post_tag","embeddable":true,"href":"https:\/\/jacekplacek.com.pl\/sv\/wp-json\/wp\/v2\/tags?post=9085"}],"curies":[{"name":"wp","href":"https:\/\/api.w.org\/{rel}","templated":true}]}}