{"id":7397,"date":"2022-08-25T14:40:11","date_gmt":"2022-08-25T12:40:11","guid":{"rendered":"https:\/\/jacekplacek.com.pl\/?p=7397"},"modified":"2022-08-29T13:59:35","modified_gmt":"2022-08-29T11:59:35","slug":"vad-ar-jacek-pie","status":"publish","type":"post","link":"https:\/\/jacekplacek.com.pl\/sv\/vad-ar-jacek-pie\/","title":{"rendered":"Vad \u00e4r Jacek Placek?"},"content":{"rendered":"<div data-elementor-type=\"wp-post\" data-elementor-id=\"7397\" class=\"elementor elementor-7397\" data-elementor-post-type=\"post\">\n\t\t\t\t\t\t<section class=\"elementor-section elementor-top-section elementor-element elementor-element-6568818b elementor-section-boxed elementor-section-height-default elementor-section-height-default\" data-id=\"6568818b\" data-element_type=\"section\" data-settings=\"{&quot;jet_parallax_layout_list&quot;:[]}\">\n\t\t\t\t\t\t<div class=\"elementor-container elementor-column-gap-default\">\n\t\t\t\t\t<div class=\"elementor-column elementor-col-100 elementor-top-column elementor-element elementor-element-d884e66\" data-id=\"d884e66\" data-element_type=\"column\">\n\t\t\t<div class=\"elementor-widget-wrap elementor-element-populated\">\n\t\t\t\t\t\t<div class=\"elementor-element elementor-element-8e46a70 elementor-widget elementor-widget-text-editor\" data-id=\"8e46a70\" data-element_type=\"widget\" data-widget_type=\"text-editor.default\">\n\t\t\t\t<div class=\"elementor-widget-container\">\n\t\t\t\t\t\t\t\t\t<span style=\"font-weight: 400\">Jacek Placek \u00e4r ett familjekonfektyr som har producerat s\u00f6ta bakverk i \u00f6ver ett kvarts sekel, som beh\u00e5ller sin unika, hemgjorda smak tack vare naturliga ingredienser och recept som f\u00f6rb\u00e4ttrats under generationer. V\u00e5ra kakor doftar och smakar &quot;precis som f\u00f6rr&quot;.<\/span><span style=\"font-weight: 400\">Det \u00e4r d\u00e4rf\u00f6r vi i v\u00e5r fabrik fortfarande anv\u00e4nder - och t\u00e4nker anv\u00e4nda - riktiga \u00e4gg, sm\u00f6r, gr\u00e4dde och hemlagad sylt.<\/span>\n<span style=\"font-weight: 400\"><br>Vi l\u00e4mnar experiment med fashionabla smaker och dekorationer till konstn\u00e4rerna, vi fokuserar p\u00e5 p\u00e5litligt konfektyrhantverk.<\/span>\n\n<span style=\"font-weight: 400\"><br>V\u00e5ra bakverk \u00e4r baserade p\u00e5 recept fr\u00e5n familjens k\u00f6k, som har full\u00e4ndats och berikats med nya ingredienser och teknologier i tre generationer.<\/span>\n\n<span style=\"font-weight: 400\">Moderniserade produktionslinjer och anv\u00e4ndning av tekniska anl\u00e4ggningar g\u00f6r att v\u00e5rt team kan m\u00f6ta f\u00f6rv\u00e4ntningarna fr\u00e5n dagens kr\u00e4vande kunder, som b\u00e5de \u00e4r grossistkunder fr\u00e5n HoReCa-branschen eller butiker, samt varje kak\u00e4lskare som best\u00e4ller i v\u00e5r webbutik och k\u00f6per i f\u00f6retagskonfektyrer .<\/span>\t\t\t\t\t\t\t\t<\/div>\n\t\t\t\t<\/div>\n\t\t\t\t\t<\/div>\n\t\t<\/div>\n\t\t\t\t\t<\/div>\n\t\t<\/section>\n\t\t\t\t<section class=\"elementor-section elementor-top-section elementor-element elementor-element-85597ea elementor-section-boxed elementor-section-height-default elementor-section-height-default\" data-id=\"85597ea\" data-element_type=\"section\" data-settings=\"{&quot;jet_parallax_layout_list&quot;:[]}\">\n\t\t\t\t\t\t<div class=\"elementor-container elementor-column-gap-default\">\n\t\t\t\t\t<div class=\"elementor-column elementor-col-100 elementor-top-column elementor-element elementor-element-d97e755\" data-id=\"d97e755\" data-element_type=\"column\">\n\t\t\t<div class=\"elementor-widget-wrap\">\n\t\t\t\t\t\t\t<\/div>\n\t\t<\/div>\n\t\t\t\t\t<\/div>\n\t\t<\/section>\n\t\t<div class=\"elementor-element elementor-element-b5b5ee4 e-flex e-con-boxed e-con e-parent\" data-id=\"b5b5ee4\" data-element_type=\"container\" data-settings=\"{&quot;jet_parallax_layout_list&quot;:[]}\">\n\t\t\t\t\t<div class=\"e-con-inner\">\n\t\t<div class=\"elementor-element elementor-element-38559c1 e-con-full e-flex e-con e-child\" data-id=\"38559c1\" data-element_type=\"container\" data-settings=\"{&quot;jet_parallax_layout_list&quot;:[]}\">\n\t\t\t\t<div class=\"elementor-element elementor-element-c12ffc7 elementor-widget elementor-widget-image\" data-id=\"c12ffc7\" data-element_type=\"widget\" data-widget_type=\"image.default\">\n\t\t\t\t<div class=\"elementor-widget-container\">\n\t\t\t\t\t\t\t\t\t\t\t\t\t\t\t<img fetchpriority=\"high\" decoding=\"async\" width=\"1200\" height=\"799\" src=\"https:\/\/jacekplacek.com.pl\/wp-content\/uploads\/2022\/06\/ZDJ_0358-1360x906.jpg\" class=\"attachment-large size-large wp-image-6735\" alt=\"kakor till nattvarden Jacek Placek konfektyr \u00e4r synonymt med smaken av hembakade kakor gjorda av naturliga produkter.\" srcset=\"https:\/\/jacekplacek.com.pl\/wp-content\/uploads\/2022\/06\/ZDJ_0358-1360x906.jpg 1360w, https:\/\/jacekplacek.com.pl\/wp-content\/uploads\/2022\/06\/ZDJ_0358-350x233.jpg 350w, https:\/\/jacekplacek.com.pl\/wp-content\/uploads\/2022\/06\/ZDJ_0358-768x512.jpg 768w, https:\/\/jacekplacek.com.pl\/wp-content\/uploads\/2022\/06\/ZDJ_0358-1536x1024.jpg 1536w, https:\/\/jacekplacek.com.pl\/wp-content\/uploads\/2022\/06\/ZDJ_0358-600x400.jpg 600w, https:\/\/jacekplacek.com.pl\/wp-content\/uploads\/2022\/06\/ZDJ_0358.jpg 2000w\" sizes=\"(max-width: 1200px) 100vw, 1200px\" \/>\t\t\t\t\t\t\t\t\t\t\t\t\t\t\t<\/div>\n\t\t\t\t<\/div>\n\t\t\t\t<\/div>\n\t\t<div class=\"elementor-element elementor-element-ebe3472 e-con-full e-flex e-con e-child\" data-id=\"ebe3472\" data-element_type=\"container\" data-settings=\"{&quot;jet_parallax_layout_list&quot;:[]}\">\n\t\t\t\t<div class=\"elementor-element elementor-element-a8f9d72 elementor-widget elementor-widget-image\" data-id=\"a8f9d72\" data-element_type=\"widget\" data-widget_type=\"image.default\">\n\t\t\t\t<div class=\"elementor-widget-container\">\n\t\t\t\t\t\t\t\t\t\t\t\t\t\t\t<img decoding=\"async\" width=\"1200\" height=\"799\" src=\"https:\/\/jacekplacek.com.pl\/wp-content\/uploads\/2022\/07\/MG_2307-1360x906.jpg\" class=\"attachment-large size-large wp-image-7263\" alt=\"serniki 1 Konfektyr Jacek Placek \u00e4r synonymt med smaken av hembakade kakor gjorda av naturliga produkter.\" srcset=\"https:\/\/jacekplacek.com.pl\/wp-content\/uploads\/2022\/07\/MG_2307-1360x906.jpg 1360w, https:\/\/jacekplacek.com.pl\/wp-content\/uploads\/2022\/07\/MG_2307-350x233.jpg 350w, https:\/\/jacekplacek.com.pl\/wp-content\/uploads\/2022\/07\/MG_2307-768x512.jpg 768w, https:\/\/jacekplacek.com.pl\/wp-content\/uploads\/2022\/07\/MG_2307-1536x1024.jpg 1536w, https:\/\/jacekplacek.com.pl\/wp-content\/uploads\/2022\/07\/MG_2307-600x400.jpg 600w, https:\/\/jacekplacek.com.pl\/wp-content\/uploads\/2022\/07\/MG_2307.jpg 2000w\" sizes=\"(max-width: 1200px) 100vw, 1200px\" \/>\t\t\t\t\t\t\t\t\t\t\t\t\t\t\t<\/div>\n\t\t\t\t<\/div>\n\t\t\t\t<\/div>\n\t\t\t\t\t<\/div>\n\t\t\t\t<\/div>\n\t\t<div class=\"elementor-element elementor-element-b7ce37f e-flex e-con-boxed e-con e-parent\" data-id=\"b7ce37f\" data-element_type=\"container\" data-settings=\"{&quot;jet_parallax_layout_list&quot;:[]}\">\n\t\t\t\t\t<div class=\"e-con-inner\">\n\t\t\t\t<div class=\"elementor-element elementor-element-107f492 elementor-widget elementor-widget-text-editor\" data-id=\"107f492\" data-element_type=\"widget\" data-widget_type=\"text-editor.default\">\n\t\t\t\t<div class=\"elementor-widget-container\">\n\t\t\t\t\t\t\t\t\t<p><br \/><span style=\"font-weight: 400\">Men l\u00e5t oss g\u00e5 tillbaka till b\u00f6rjan...<\/span><\/p><p><span style=\"font-weight: 400\">F\u00f6retaget grundades 1994 i Gowin n\u00e4ra Wejherowo av Mr och Mrs Jacek och Beata. <br \/>Chefen gav projektet sitt namn och mycket hj\u00e4rta som lades ner p\u00e5 att sprida vingarna. Kocken - tillsammans med sitt hj\u00e4rta, lade till sin mammas ov\u00e4rderliga recept och sin egen passion f\u00f6r bakning.<\/span><\/p><p><span style=\"font-weight: 400\">V\u00e5rt arkiv inneh\u00e5ller en kort reklamfilm fr\u00e5n de tidigare \u00e5ren av f\u00f6retagets verksamhet, vi tittar p\u00e5 den med k\u00e4nslor och med en nypa salt (s\u00e4rskilt kvaliteten p\u00e5 inspelningen).<\/span><br \/><strong><a href=\"https:\/\/www.youtube.com\/watch?v=EqSREd4n0cQ\" target=\"_blank\" rel=\"noopener\"><br \/>Titta p\u00e5: Jacek Placek \u2013 hembakade kakor<\/a><\/strong><\/p><p><span style=\"font-weight: 400\">Funderar p\u00e5 namnet p\u00e5 f\u00f6retaget ett \u00f6gonblick - du vet: om Jacek och kakor, s\u00e5 finns det en naturlig association med barnramsan &quot;Jacek Placek...&quot; Och visste du att uppkomsten av denna ramsan troligen var ber\u00e4ttelsen om St. Jacek, som hj\u00e4lpte de fattiga och matade dem... med dumplings. F\u00f6rr kallades dumplings ofta f\u00f6r pannkakor och de stektes i olja. N\u00e5v\u00e4l, helgonet fick smeknamnet Saint Jack of Pierogi, och med tiden lade n\u00e5gon till en rolig l\u00e5t om en pojke som stj\u00e4l godsaker fr\u00e5n sin mamma i k\u00f6ket.<\/span><\/p><p><span style=\"font-weight: 400\">V\u00e5rt f\u00f6retags logotyp hade siluetten av en liten s\u00f6tsuget, och f\u00f6r att g\u00f6ra saker \u00e4nnu mer intressanta... \u00e5r senare lanserade vi en linje som producerade dumplings enligt v\u00e5r familjs hemrecept.<\/span><\/p>\t\t\t\t\t\t\t\t<\/div>\n\t\t\t\t<\/div>\n\t\t\t\t\t<\/div>\n\t\t\t\t<\/div>\n\t\t<div class=\"elementor-element elementor-element-6741986 e-flex e-con-boxed e-con e-parent\" data-id=\"6741986\" data-element_type=\"container\" data-settings=\"{&quot;jet_parallax_layout_list&quot;:[]}\">\n\t\t\t\t\t<div class=\"e-con-inner\">\n\t\t<div class=\"elementor-element elementor-element-4ce0ded e-con-full e-flex e-con e-child\" data-id=\"4ce0ded\" data-element_type=\"container\" data-settings=\"{&quot;jet_parallax_layout_list&quot;:[]}\">\n\t\t\t\t<div class=\"elementor-element elementor-element-1a49894 elementor-widget elementor-widget-image\" data-id=\"1a49894\" data-element_type=\"widget\" data-widget_type=\"image.default\">\n\t\t\t\t<div class=\"elementor-widget-container\">\n\t\t\t\t\t\t\t\t\t\t\t\t\t\t\t<img decoding=\"async\" width=\"1200\" height=\"800\" src=\"https:\/\/jacekplacek.com.pl\/wp-content\/uploads\/2022\/08\/124827026_2681585982059016_8677979670788044716_n-1360x907.jpg\" class=\"attachment-large size-large wp-image-7414\" alt=\"jakt dumplings Cukiernia Jacek Placek \u00e4r synonymt med smaken av hembakade kakor gjorda av naturliga produkter.\" srcset=\"https:\/\/jacekplacek.com.pl\/wp-content\/uploads\/2022\/08\/124827026_2681585982059016_8677979670788044716_n-1360x907.jpg 1360w, https:\/\/jacekplacek.com.pl\/wp-content\/uploads\/2022\/08\/124827026_2681585982059016_8677979670788044716_n-350x234.jpg 350w, https:\/\/jacekplacek.com.pl\/wp-content\/uploads\/2022\/08\/124827026_2681585982059016_8677979670788044716_n-768x512.jpg 768w, https:\/\/jacekplacek.com.pl\/wp-content\/uploads\/2022\/08\/124827026_2681585982059016_8677979670788044716_n-1536x1025.jpg 1536w, https:\/\/jacekplacek.com.pl\/wp-content\/uploads\/2022\/08\/124827026_2681585982059016_8677979670788044716_n-600x400.jpg 600w, https:\/\/jacekplacek.com.pl\/wp-content\/uploads\/2022\/08\/124827026_2681585982059016_8677979670788044716_n.jpg 1920w\" sizes=\"(max-width: 1200px) 100vw, 1200px\" \/>\t\t\t\t\t\t\t\t\t\t\t\t\t\t\t<\/div>\n\t\t\t\t<\/div>\n\t\t\t\t<\/div>\n\t\t<div class=\"elementor-element elementor-element-dc88944 e-con-full e-flex e-con e-child\" data-id=\"dc88944\" data-element_type=\"container\" data-settings=\"{&quot;jet_parallax_layout_list&quot;:[]}\">\n\t\t\t\t<div class=\"elementor-element elementor-element-f1072aa elementor-widget elementor-widget-image\" data-id=\"f1072aa\" data-element_type=\"widget\" data-widget_type=\"image.default\">\n\t\t\t\t<div class=\"elementor-widget-container\">\n\t\t\t\t\t\t\t\t\t\t\t\t\t\t\t<img loading=\"lazy\" decoding=\"async\" width=\"1200\" height=\"800\" src=\"https:\/\/jacekplacek.com.pl\/wp-content\/uploads\/2022\/08\/2020-06-09-Pierogi-z-jagodami-2-1360x907.jpg\" class=\"attachment-large size-large wp-image-7413\" alt=\"Dumplings med bl\u00e5b\u00e4r Cukiernia Jacek Placek \u00e4r synonymt med smaken av hembakade kakor gjorda av naturliga produkter.\" srcset=\"https:\/\/jacekplacek.com.pl\/wp-content\/uploads\/2022\/08\/2020-06-09-Pierogi-z-jagodami-2-1360x907.jpg 1360w, https:\/\/jacekplacek.com.pl\/wp-content\/uploads\/2022\/08\/2020-06-09-Pierogi-z-jagodami-2-350x233.jpg 350w, https:\/\/jacekplacek.com.pl\/wp-content\/uploads\/2022\/08\/2020-06-09-Pierogi-z-jagodami-2-768x512.jpg 768w, https:\/\/jacekplacek.com.pl\/wp-content\/uploads\/2022\/08\/2020-06-09-Pierogi-z-jagodami-2-1536x1024.jpg 1536w, https:\/\/jacekplacek.com.pl\/wp-content\/uploads\/2022\/08\/2020-06-09-Pierogi-z-jagodami-2-600x400.jpg 600w, https:\/\/jacekplacek.com.pl\/wp-content\/uploads\/2022\/08\/2020-06-09-Pierogi-z-jagodami-2.jpg 1920w\" sizes=\"(max-width: 1200px) 100vw, 1200px\" \/>\t\t\t\t\t\t\t\t\t\t\t\t\t\t\t<\/div>\n\t\t\t\t<\/div>\n\t\t\t\t<\/div>\n\t\t\t\t\t<\/div>\n\t\t\t\t<\/div>\n\t\t<div class=\"elementor-element elementor-element-cb7573c e-flex e-con-boxed e-con e-parent\" data-id=\"cb7573c\" data-element_type=\"container\" data-settings=\"{&quot;jet_parallax_layout_list&quot;:[]}\">\n\t\t\t\t\t<div class=\"e-con-inner\">\n\t\t\t\t<div class=\"elementor-element elementor-element-844fd76 elementor-widget elementor-widget-text-editor\" data-id=\"844fd76\" data-element_type=\"widget\" data-widget_type=\"text-editor.default\">\n\t\t\t\t<div class=\"elementor-widget-container\">\n\t\t\t\t\t\t\t\t\t<p>\u00a0<\/p><p><span style=\"font-weight: 400\">Och s\u00e5, i \u00f6ver ett kvarts sekel, har Jacek Placek betj\u00e4nat kunderna ett allt bredare utbud av l\u00e4ckra kakor och tortes, och berikat utbudet med salta snacks och dumplings. Tre f\u00f6retagskonfektyrer \u00f6ppnades i Gda\u0144sk och Sopot, och i Wejherowo, i den lokala Kashubian Philharmonic, Busola klubbkaf\u00e9, som erbjuder v\u00e5ra bakverk.<\/span><\/p><p><span style=\"font-weight: 400\">Konfektaff\u00e4r p\u00e5 Gda\u0144sk Street\u00a0<strong><a href=\"https:\/\/jacekplacek.com.pl\/sv\/konfektyr-jacek-placek-gdansk-zaspa\/\" target=\"_blank\" rel=\"noopener\">Zaspa<\/a><\/strong> har nyligen genomg\u00e5tt en ombyggnad och har blivit ett lokalt s\u00f6tcaf\u00e9, d\u00e4r du vid n\u00e5gra f\u00e5 bord kan best\u00e4lla uts\u00f6kt kaffe eller glass till v\u00e5ra godis, boka tid med en v\u00e4n eller ha ett informellt aff\u00e4rsm\u00f6te.<\/span><\/p>\t\t\t\t\t\t\t\t<\/div>\n\t\t\t\t<\/div>\n\t\t\t\t\t<\/div>\n\t\t\t\t<\/div>\n\t\t<div class=\"elementor-element elementor-element-f14e1c1 e-flex e-con-boxed e-con e-parent\" data-id=\"f14e1c1\" data-element_type=\"container\" data-settings=\"{&quot;jet_parallax_layout_list&quot;:[]}\">\n\t\t\t\t\t<div class=\"e-con-inner\">\n\t\t<div class=\"elementor-element elementor-element-ee6dbea e-con-full e-flex e-con e-child\" data-id=\"ee6dbea\" data-element_type=\"container\" data-settings=\"{&quot;jet_parallax_layout_list&quot;:[]}\">\n\t\t\t\t<div class=\"elementor-element elementor-element-58ccce5 elementor-widget elementor-widget-image\" data-id=\"58ccce5\" data-element_type=\"widget\" data-widget_type=\"image.default\">\n\t\t\t\t<div class=\"elementor-widget-container\">\n\t\t\t\t\t\t\t\t\t\t\t\t\t\t\t<img loading=\"lazy\" decoding=\"async\" width=\"1200\" height=\"799\" src=\"https:\/\/jacekplacek.com.pl\/wp-content\/uploads\/2022\/08\/MG_2197-1-1360x906.jpg\" class=\"attachment-large size-large wp-image-7423\" alt=\"konditoriaff\u00e4r Gda\u0144sk Zaspa fr\u00e5n utsidan Konditoriaff\u00e4r Jacek Placek \u00e4r synonymt med smaken av hembakade kakor gjorda av naturliga produkter.\" srcset=\"https:\/\/jacekplacek.com.pl\/wp-content\/uploads\/2022\/08\/MG_2197-1-1360x906.jpg 1360w, https:\/\/jacekplacek.com.pl\/wp-content\/uploads\/2022\/08\/MG_2197-1-350x233.jpg 350w, https:\/\/jacekplacek.com.pl\/wp-content\/uploads\/2022\/08\/MG_2197-1-768x512.jpg 768w, https:\/\/jacekplacek.com.pl\/wp-content\/uploads\/2022\/08\/MG_2197-1-1536x1024.jpg 1536w, https:\/\/jacekplacek.com.pl\/wp-content\/uploads\/2022\/08\/MG_2197-1-600x400.jpg 600w, https:\/\/jacekplacek.com.pl\/wp-content\/uploads\/2022\/08\/MG_2197-1.jpg 2000w\" sizes=\"(max-width: 1200px) 100vw, 1200px\" \/>\t\t\t\t\t\t\t\t\t\t\t\t\t\t\t<\/div>\n\t\t\t\t<\/div>\n\t\t\t\t<\/div>\n\t\t<div class=\"elementor-element elementor-element-bfa453b e-con-full e-flex e-con e-child\" data-id=\"bfa453b\" data-element_type=\"container\" data-settings=\"{&quot;jet_parallax_layout_list&quot;:[]}\">\n\t\t\t\t<div class=\"elementor-element elementor-element-ae8ad09 elementor-widget elementor-widget-image\" data-id=\"ae8ad09\" data-element_type=\"widget\" data-widget_type=\"image.default\">\n\t\t\t\t<div class=\"elementor-widget-container\">\n\t\t\t\t\t\t\t\t\t\t\t\t\t\t\t<img loading=\"lazy\" decoding=\"async\" width=\"1200\" height=\"799\" src=\"https:\/\/jacekplacek.com.pl\/wp-content\/uploads\/2022\/08\/MG_2175-2-1360x906.jpg\" class=\"attachment-large size-large wp-image-7430\" alt=\"konfektyrbutiken Gda\u0144sk Zaspa Cukiernia Jacek Placek \u00e4r synonymt med smaken av hembakade kakor gjorda av naturliga produkter.\" srcset=\"https:\/\/jacekplacek.com.pl\/wp-content\/uploads\/2022\/08\/MG_2175-2-1360x906.jpg 1360w, https:\/\/jacekplacek.com.pl\/wp-content\/uploads\/2022\/08\/MG_2175-2-350x233.jpg 350w, https:\/\/jacekplacek.com.pl\/wp-content\/uploads\/2022\/08\/MG_2175-2-768x512.jpg 768w, https:\/\/jacekplacek.com.pl\/wp-content\/uploads\/2022\/08\/MG_2175-2-1536x1024.jpg 1536w, https:\/\/jacekplacek.com.pl\/wp-content\/uploads\/2022\/08\/MG_2175-2-600x400.jpg 600w, https:\/\/jacekplacek.com.pl\/wp-content\/uploads\/2022\/08\/MG_2175-2.jpg 2000w\" sizes=\"(max-width: 1200px) 100vw, 1200px\" \/>\t\t\t\t\t\t\t\t\t\t\t\t\t\t\t<\/div>\n\t\t\t\t<\/div>\n\t\t\t\t<\/div>\n\t\t\t\t\t<\/div>\n\t\t\t\t<\/div>\n\t\t<div class=\"elementor-element elementor-element-bea6d05 e-flex e-con-boxed e-con e-parent\" data-id=\"bea6d05\" data-element_type=\"container\" data-settings=\"{&quot;jet_parallax_layout_list&quot;:[]}\">\n\t\t\t\t\t<div class=\"e-con-inner\">\n\t\t<div class=\"elementor-element elementor-element-52367d4 e-con-full e-flex e-con e-child\" data-id=\"52367d4\" data-element_type=\"container\" data-settings=\"{&quot;jet_parallax_layout_list&quot;:[]}\">\n\t\t\t\t<div class=\"elementor-element elementor-element-72815cd elementor-widget elementor-widget-image\" data-id=\"72815cd\" data-element_type=\"widget\" data-widget_type=\"image.default\">\n\t\t\t\t<div class=\"elementor-widget-container\">\n\t\t\t\t\t\t\t\t\t\t\t\t\t\t\t<img loading=\"lazy\" decoding=\"async\" width=\"1200\" height=\"800\" src=\"https:\/\/jacekplacek.com.pl\/wp-content\/uploads\/2022\/08\/zdj_41-1360x907.jpg\" class=\"attachment-large size-large wp-image-7427\" alt=\"cake shop Gda\u0144sk Zaspa coffee T\u00e5rtbutik Jacek Placek \u00e4r synonymt med smaken av hembakade kakor gjorda av naturliga produkter.\" srcset=\"https:\/\/jacekplacek.com.pl\/wp-content\/uploads\/2022\/08\/zdj_41-1360x907.jpg 1360w, https:\/\/jacekplacek.com.pl\/wp-content\/uploads\/2022\/08\/zdj_41-350x233.jpg 350w, https:\/\/jacekplacek.com.pl\/wp-content\/uploads\/2022\/08\/zdj_41-768x512.jpg 768w, https:\/\/jacekplacek.com.pl\/wp-content\/uploads\/2022\/08\/zdj_41-1536x1024.jpg 1536w, https:\/\/jacekplacek.com.pl\/wp-content\/uploads\/2022\/08\/zdj_41-2048x1365.jpg 2048w, https:\/\/jacekplacek.com.pl\/wp-content\/uploads\/2022\/08\/zdj_41-600x400.jpg 600w\" sizes=\"(max-width: 1200px) 100vw, 1200px\" \/>\t\t\t\t\t\t\t\t\t\t\t\t\t\t\t<\/div>\n\t\t\t\t<\/div>\n\t\t\t\t<\/div>\n\t\t<div class=\"elementor-element elementor-element-f81d127 e-con-full e-flex e-con e-child\" data-id=\"f81d127\" data-element_type=\"container\" data-settings=\"{&quot;jet_parallax_layout_list&quot;:[]}\">\n\t\t\t\t<div class=\"elementor-element elementor-element-745a0cc elementor-widget elementor-widget-image\" data-id=\"745a0cc\" data-element_type=\"widget\" data-widget_type=\"image.default\">\n\t\t\t\t<div class=\"elementor-widget-container\">\n\t\t\t\t\t\t\t\t\t\t\t\t\t\t\t<img loading=\"lazy\" decoding=\"async\" width=\"1200\" height=\"800\" src=\"https:\/\/jacekplacek.com.pl\/wp-content\/uploads\/2022\/08\/zdj_78-1-1360x907.jpg\" class=\"attachment-large size-large wp-image-7429\" alt=\"konfektaff\u00e4r Gda\u0144sk Zaspa kaffe Cukiernia Jacek Placek \u00e4r synonymt med smaken av hembakade kakor gjorda av naturliga produkter.\" srcset=\"https:\/\/jacekplacek.com.pl\/wp-content\/uploads\/2022\/08\/zdj_78-1-1360x907.jpg 1360w, https:\/\/jacekplacek.com.pl\/wp-content\/uploads\/2022\/08\/zdj_78-1-350x233.jpg 350w, https:\/\/jacekplacek.com.pl\/wp-content\/uploads\/2022\/08\/zdj_78-1-768x512.jpg 768w, https:\/\/jacekplacek.com.pl\/wp-content\/uploads\/2022\/08\/zdj_78-1-1536x1024.jpg 1536w, https:\/\/jacekplacek.com.pl\/wp-content\/uploads\/2022\/08\/zdj_78-1-2048x1365.jpg 2048w, https:\/\/jacekplacek.com.pl\/wp-content\/uploads\/2022\/08\/zdj_78-1-600x400.jpg 600w\" sizes=\"(max-width: 1200px) 100vw, 1200px\" \/>\t\t\t\t\t\t\t\t\t\t\t\t\t\t\t<\/div>\n\t\t\t\t<\/div>\n\t\t\t\t<\/div>\n\t\t\t\t\t<\/div>\n\t\t\t\t<\/div>\n\t\t<div class=\"elementor-element elementor-element-a3141b0 e-flex e-con-boxed e-con e-parent\" data-id=\"a3141b0\" data-element_type=\"container\" data-settings=\"{&quot;jet_parallax_layout_list&quot;:[]}\">\n\t\t\t\t\t<div class=\"e-con-inner\">\n\t\t\t\t<div class=\"elementor-element elementor-element-be9250f elementor-widget elementor-widget-text-editor\" data-id=\"be9250f\" data-element_type=\"widget\" data-widget_type=\"text-editor.default\">\n\t\t\t\t<div class=\"elementor-widget-container\">\n\t\t\t\t\t\t\t\t\t<p>\u00a0<\/p><p><span style=\"font-weight: 400\">I Wejherowska <strong><a href=\"https:\/\/kawiarniabusola.pl\/\" target=\"_blank\" rel=\"noopener\">Kompass<\/a> <\/strong>Vi uppfyller oss inte bara som kr\u00f6gare och cateringleverant\u00f6rer, utan ocks\u00e5 som beskyddare av samtidskonsten, kan man s\u00e4ga. I lokalerna finns regelbundna utst\u00e4llningar av m\u00e5lningar och fotografier av lokala konstn\u00e4rer.<\/span><\/p>\t\t\t\t\t\t\t\t<\/div>\n\t\t\t\t<\/div>\n\t\t\t\t\t<\/div>\n\t\t\t\t<\/div>\n\t\t<div class=\"elementor-element elementor-element-1c67da7 e-flex e-con-boxed e-con e-parent\" data-id=\"1c67da7\" data-element_type=\"container\" data-settings=\"{&quot;jet_parallax_layout_list&quot;:[]}\">\n\t\t\t\t\t<div class=\"e-con-inner\">\n\t\t<div class=\"elementor-element elementor-element-aaa5c63 e-con-full e-flex e-con e-child\" data-id=\"aaa5c63\" data-element_type=\"container\" data-settings=\"{&quot;jet_parallax_layout_list&quot;:[]}\">\n\t\t\t\t<div class=\"elementor-element elementor-element-c662e19 elementor-widget elementor-widget-image\" data-id=\"c662e19\" data-element_type=\"widget\" data-widget_type=\"image.default\">\n\t\t\t\t<div class=\"elementor-widget-container\">\n\t\t\t\t\t\t\t\t\t\t\t\t\t\t\t<img loading=\"lazy\" decoding=\"async\" width=\"1200\" height=\"900\" src=\"https:\/\/jacekplacek.com.pl\/wp-content\/uploads\/2022\/08\/20220822_110211-1360x1020.jpg\" class=\"attachment-large size-large wp-image-7439\" alt=\"Kashubian Philharmonic Confectionery Jacek Placek \u00e4r synonymt med smaken av hembakade kakor gjorda av naturliga produkter.\" srcset=\"https:\/\/jacekplacek.com.pl\/wp-content\/uploads\/2022\/08\/20220822_110211-1360x1020.jpg 1360w, https:\/\/jacekplacek.com.pl\/wp-content\/uploads\/2022\/08\/20220822_110211-350x263.jpg 350w, https:\/\/jacekplacek.com.pl\/wp-content\/uploads\/2022\/08\/20220822_110211-768x576.jpg 768w, https:\/\/jacekplacek.com.pl\/wp-content\/uploads\/2022\/08\/20220822_110211-1536x1152.jpg 1536w, https:\/\/jacekplacek.com.pl\/wp-content\/uploads\/2022\/08\/20220822_110211-2048x1536.jpg 2048w, https:\/\/jacekplacek.com.pl\/wp-content\/uploads\/2022\/08\/20220822_110211-600x450.jpg 600w\" sizes=\"(max-width: 1200px) 100vw, 1200px\" \/>\t\t\t\t\t\t\t\t\t\t\t\t\t\t\t<\/div>\n\t\t\t\t<\/div>\n\t\t\t\t<\/div>\n\t\t<div class=\"elementor-element elementor-element-e1e9391 e-con-full e-flex e-con e-child\" data-id=\"e1e9391\" data-element_type=\"container\" data-settings=\"{&quot;jet_parallax_layout_list&quot;:[]}\">\n\t\t\t\t<div class=\"elementor-element elementor-element-abfcfb8 elementor-widget elementor-widget-image\" data-id=\"abfcfb8\" data-element_type=\"widget\" data-widget_type=\"image.default\">\n\t\t\t\t<div class=\"elementor-widget-container\">\n\t\t\t\t\t\t\t\t\t\t\t\t\t\t\t<img loading=\"lazy\" decoding=\"async\" width=\"1200\" height=\"900\" src=\"https:\/\/jacekplacek.com.pl\/wp-content\/uploads\/2022\/08\/20220822_102322-1360x1020.jpg\" class=\"attachment-large size-large wp-image-7436\" alt=\"Busola caf\u00e9, \u00f6vre plan Jacek Placek Konfektyr \u00e4r synonymt med smaken av hembakade kakor gjorda av naturliga produkter.\" srcset=\"https:\/\/jacekplacek.com.pl\/wp-content\/uploads\/2022\/08\/20220822_102322-1360x1020.jpg 1360w, https:\/\/jacekplacek.com.pl\/wp-content\/uploads\/2022\/08\/20220822_102322-350x263.jpg 350w, https:\/\/jacekplacek.com.pl\/wp-content\/uploads\/2022\/08\/20220822_102322-768x576.jpg 768w, https:\/\/jacekplacek.com.pl\/wp-content\/uploads\/2022\/08\/20220822_102322-1536x1152.jpg 1536w, https:\/\/jacekplacek.com.pl\/wp-content\/uploads\/2022\/08\/20220822_102322-2048x1536.jpg 2048w, https:\/\/jacekplacek.com.pl\/wp-content\/uploads\/2022\/08\/20220822_102322-600x450.jpg 600w\" sizes=\"(max-width: 1200px) 100vw, 1200px\" \/>\t\t\t\t\t\t\t\t\t\t\t\t\t\t\t<\/div>\n\t\t\t\t<\/div>\n\t\t\t\t<\/div>\n\t\t<div class=\"elementor-element elementor-element-4e78fbe e-con-full e-flex e-con e-child\" data-id=\"4e78fbe\" data-element_type=\"container\" data-settings=\"{&quot;jet_parallax_layout_list&quot;:[]}\">\n\t\t\t\t<div class=\"elementor-element elementor-element-ed68735 elementor-widget elementor-widget-image\" data-id=\"ed68735\" data-element_type=\"widget\" data-widget_type=\"image.default\">\n\t\t\t\t<div class=\"elementor-widget-container\">\n\t\t\t\t\t\t\t\t\t\t\t\t\t\t\t<img loading=\"lazy\" decoding=\"async\" width=\"1200\" height=\"900\" src=\"https:\/\/jacekplacek.com.pl\/wp-content\/uploads\/2022\/08\/20220822_102811-1360x1020.jpg\" class=\"attachment-large size-large wp-image-7437\" alt=\"Busola caf\u00e9, l\u00e4gre v\u00e5ning Jacek Placek Konfektyr \u00e4r synonymt med smaken av hembakade kakor gjorda av naturliga produkter.\" srcset=\"https:\/\/jacekplacek.com.pl\/wp-content\/uploads\/2022\/08\/20220822_102811-1360x1020.jpg 1360w, https:\/\/jacekplacek.com.pl\/wp-content\/uploads\/2022\/08\/20220822_102811-350x263.jpg 350w, https:\/\/jacekplacek.com.pl\/wp-content\/uploads\/2022\/08\/20220822_102811-768x576.jpg 768w, https:\/\/jacekplacek.com.pl\/wp-content\/uploads\/2022\/08\/20220822_102811-1536x1152.jpg 1536w, https:\/\/jacekplacek.com.pl\/wp-content\/uploads\/2022\/08\/20220822_102811-2048x1536.jpg 2048w, https:\/\/jacekplacek.com.pl\/wp-content\/uploads\/2022\/08\/20220822_102811-600x450.jpg 600w\" sizes=\"(max-width: 1200px) 100vw, 1200px\" \/>\t\t\t\t\t\t\t\t\t\t\t\t\t\t\t<\/div>\n\t\t\t\t<\/div>\n\t\t\t\t<\/div>\n\t\t<div class=\"elementor-element elementor-element-a7b6a9e e-con-full e-flex e-con e-child\" data-id=\"a7b6a9e\" data-element_type=\"container\" data-settings=\"{&quot;jet_parallax_layout_list&quot;:[]}\">\n\t\t\t\t<div class=\"elementor-element elementor-element-a55ee3e elementor-widget elementor-widget-image\" data-id=\"a55ee3e\" data-element_type=\"widget\" data-widget_type=\"image.default\">\n\t\t\t\t<div class=\"elementor-widget-container\">\n\t\t\t\t\t\t\t\t\t\t\t\t\t\t\t<img loading=\"lazy\" decoding=\"async\" width=\"1200\" height=\"900\" src=\"https:\/\/jacekplacek.com.pl\/wp-content\/uploads\/2022\/08\/20220822_110125-1360x1020.jpg\" class=\"attachment-large size-large wp-image-7438\" alt=\"Busola caf\u00e9, tr\u00e4dg\u00e5rd, Cukiernia Jacek Placek \u00e4r synonymt med smaken av hembakade kakor gjorda av naturliga produkter.\" srcset=\"https:\/\/jacekplacek.com.pl\/wp-content\/uploads\/2022\/08\/20220822_110125-1360x1020.jpg 1360w, https:\/\/jacekplacek.com.pl\/wp-content\/uploads\/2022\/08\/20220822_110125-350x263.jpg 350w, https:\/\/jacekplacek.com.pl\/wp-content\/uploads\/2022\/08\/20220822_110125-768x576.jpg 768w, https:\/\/jacekplacek.com.pl\/wp-content\/uploads\/2022\/08\/20220822_110125-1536x1152.jpg 1536w, https:\/\/jacekplacek.com.pl\/wp-content\/uploads\/2022\/08\/20220822_110125-2048x1536.jpg 2048w, https:\/\/jacekplacek.com.pl\/wp-content\/uploads\/2022\/08\/20220822_110125-600x450.jpg 600w\" sizes=\"(max-width: 1200px) 100vw, 1200px\" \/>\t\t\t\t\t\t\t\t\t\t\t\t\t\t\t<\/div>\n\t\t\t\t<\/div>\n\t\t\t\t<\/div>\n\t\t\t\t\t<\/div>\n\t\t\t\t<\/div>\n\t\t<div class=\"elementor-element elementor-element-5a567d0 e-flex e-con-boxed e-con e-parent\" data-id=\"5a567d0\" data-element_type=\"container\" data-settings=\"{&quot;jet_parallax_layout_list&quot;:[]}\">\n\t\t\t\t\t<div class=\"e-con-inner\">\n\t\t\t\t<div class=\"elementor-element elementor-element-9f5a15a elementor-widget elementor-widget-text-editor\" data-id=\"9f5a15a\" data-element_type=\"widget\" data-widget_type=\"text-editor.default\">\n\t\t\t\t<div class=\"elementor-widget-container\">\n\t\t\t\t\t\t\t\t\t<p>\u00a0<\/p><p><span style=\"font-weight: 400\">F\u00f6retaget har haft en egen anl\u00e4ggning sedan tv\u00e5 \u00e5r tillbaka <strong><a href=\"https:\/\/jacekplacek.com.pl\/sv\" target=\"_blank\" rel=\"noopener\">Internetbutik<\/a><\/strong>, d\u00e4r du kan best\u00e4lla de flesta av v\u00e5ra t\u00e5rtor, kakor och snacks levererade till valfri adress. <\/span><\/p><p><span style=\"font-weight: 400\">F\u00f6r \u00e4lskare av v\u00e4lsmakande, traditionella bakverk och m\u00e4nniskor som inte har mycket tid eller konfektyrkunskaper, \u00e4r denna form av best\u00e4llning en idealisk l\u00f6sning.<\/span><\/p><p>\u00a0<\/p>\t\t\t\t\t\t\t\t<\/div>\n\t\t\t\t<\/div>\n\t\t\t\t\t<\/div>\n\t\t\t\t<\/div>\n\t\t<div class=\"elementor-element elementor-element-e00eafc e-flex e-con-boxed e-con e-parent\" data-id=\"e00eafc\" data-element_type=\"container\" data-settings=\"{&quot;jet_parallax_layout_list&quot;:[]}\">\n\t\t\t\t\t<div class=\"e-con-inner\">\n\t\t<div class=\"elementor-element elementor-element-9ce1b8a e-con-full e-flex e-con e-child\" data-id=\"9ce1b8a\" data-element_type=\"container\" data-settings=\"{&quot;jet_parallax_layout_list&quot;:[]}\">\n\t\t\t\t<div class=\"elementor-element elementor-element-f9bd4f6 elementor-widget elementor-widget-image\" data-id=\"f9bd4f6\" data-element_type=\"widget\" data-widget_type=\"image.default\">\n\t\t\t\t<div class=\"elementor-widget-container\">\n\t\t\t\t\t\t\t\t\t\t\t\t\t\t\t<img loading=\"lazy\" decoding=\"async\" width=\"1200\" height=\"796\" src=\"https:\/\/jacekplacek.com.pl\/wp-content\/uploads\/2022\/08\/Bez-nazwy-1-1360x902.jpg\" class=\"attachment-large size-large wp-image-7452\" alt=\"Jacek Placek konfektyr \u00e4r synonymt med smaken av hembakade kakor gjorda av naturliga produkter.\" srcset=\"https:\/\/jacekplacek.com.pl\/wp-content\/uploads\/2022\/08\/Bez-nazwy-1-1360x902.jpg 1360w, https:\/\/jacekplacek.com.pl\/wp-content\/uploads\/2022\/08\/Bez-nazwy-1-350x232.jpg 350w, https:\/\/jacekplacek.com.pl\/wp-content\/uploads\/2022\/08\/Bez-nazwy-1-768x509.jpg 768w, https:\/\/jacekplacek.com.pl\/wp-content\/uploads\/2022\/08\/Bez-nazwy-1-1536x1019.jpg 1536w, https:\/\/jacekplacek.com.pl\/wp-content\/uploads\/2022\/08\/Bez-nazwy-1-600x398.jpg 600w, https:\/\/jacekplacek.com.pl\/wp-content\/uploads\/2022\/08\/Bez-nazwy-1.jpg 1891w\" sizes=\"(max-width: 1200px) 100vw, 1200px\" \/>\t\t\t\t\t\t\t\t\t\t\t\t\t\t\t<\/div>\n\t\t\t\t<\/div>\n\t\t\t\t<\/div>\n\t\t<div class=\"elementor-element elementor-element-25bde6d e-con-full e-flex e-con e-child\" data-id=\"25bde6d\" data-element_type=\"container\" data-settings=\"{&quot;jet_parallax_layout_list&quot;:[]}\">\n\t\t\t\t<div class=\"elementor-element elementor-element-3225644 elementor-widget elementor-widget-image\" data-id=\"3225644\" data-element_type=\"widget\" data-widget_type=\"image.default\">\n\t\t\t\t<div class=\"elementor-widget-container\">\n\t\t\t\t\t\t\t\t\t\t\t\t\t\t\t<img loading=\"lazy\" decoding=\"async\" width=\"1200\" height=\"799\" src=\"https:\/\/jacekplacek.com.pl\/wp-content\/uploads\/2020\/12\/2020-03-25-Jacek-Placek-ducato-w-ruchu-2-1360x906.jpg\" class=\"attachment-large size-large wp-image-1484\" alt=\"Jacek Placek konfektyr \u00e4r synonymt med smaken av hembakade kakor gjorda av naturliga produkter.\" srcset=\"https:\/\/jacekplacek.com.pl\/wp-content\/uploads\/2020\/12\/2020-03-25-Jacek-Placek-ducato-w-ruchu-2-1360x906.jpg 1360w, https:\/\/jacekplacek.com.pl\/wp-content\/uploads\/2020\/12\/2020-03-25-Jacek-Placek-ducato-w-ruchu-2-600x400.jpg 600w, https:\/\/jacekplacek.com.pl\/wp-content\/uploads\/2020\/12\/2020-03-25-Jacek-Placek-ducato-w-ruchu-2-350x233.jpg 350w, https:\/\/jacekplacek.com.pl\/wp-content\/uploads\/2020\/12\/2020-03-25-Jacek-Placek-ducato-w-ruchu-2-768x512.jpg 768w, https:\/\/jacekplacek.com.pl\/wp-content\/uploads\/2020\/12\/2020-03-25-Jacek-Placek-ducato-w-ruchu-2-1536x1024.jpg 1536w, https:\/\/jacekplacek.com.pl\/wp-content\/uploads\/2020\/12\/2020-03-25-Jacek-Placek-ducato-w-ruchu-2.jpg 2048w\" sizes=\"(max-width: 1200px) 100vw, 1200px\" \/>\t\t\t\t\t\t\t\t\t\t\t\t\t\t\t<\/div>\n\t\t\t\t<\/div>\n\t\t\t\t<\/div>\n\t\t\t\t\t<\/div>\n\t\t\t\t<\/div>\n\t\t<div class=\"elementor-element elementor-element-9fb68a5 e-flex e-con-boxed e-con e-parent\" data-id=\"9fb68a5\" data-element_type=\"container\" data-settings=\"{&quot;jet_parallax_layout_list&quot;:[]}\">\n\t\t\t\t\t<div class=\"e-con-inner\">\n\t\t\t\t<div class=\"elementor-element elementor-element-d80e68f elementor-widget elementor-widget-text-editor\" data-id=\"d80e68f\" data-element_type=\"widget\" data-widget_type=\"text-editor.default\">\n\t\t\t\t<div class=\"elementor-widget-container\">\n\t\t\t\t\t\t\t\t\t<p>\u00a0<\/p><p><span style=\"font-weight: 400\">Med bekv\u00e4mlighet och de f\u00f6r\u00e4ndrade behoven hos HoReCa-industrin i \u00e5tanke b\u00f6rjade vi producera enportionsdesserter, ivrigt sett vid olika evenemang och speciella tillf\u00e4llen.<\/span><\/p>\t\t\t\t\t\t\t\t<\/div>\n\t\t\t\t<\/div>\n\t\t\t\t\t<\/div>\n\t\t\t\t<\/div>\n\t\t<div class=\"elementor-element elementor-element-56de95d e-flex e-con-boxed e-con e-parent\" data-id=\"56de95d\" data-element_type=\"container\" data-settings=\"{&quot;jet_parallax_layout_list&quot;:[]}\">\n\t\t\t\t\t<div class=\"e-con-inner\">\n\t\t<div class=\"elementor-element elementor-element-a74dd74 e-con-full e-flex e-con e-child\" data-id=\"a74dd74\" data-element_type=\"container\" data-settings=\"{&quot;jet_parallax_layout_list&quot;:[]}\">\n\t\t\t\t<div class=\"elementor-element elementor-element-a8060ca elementor-widget elementor-widget-image\" data-id=\"a8060ca\" data-element_type=\"widget\" data-widget_type=\"image.default\">\n\t\t\t\t<div class=\"elementor-widget-container\">\n\t\t\t\t\t\t\t\t\t\t\t\t\t\t\t<img loading=\"lazy\" decoding=\"async\" width=\"1200\" height=\"799\" src=\"https:\/\/jacekplacek.com.pl\/wp-content\/uploads\/2022\/08\/ZDJ_0284-1360x906.jpg\" class=\"attachment-large size-large wp-image-7459\" alt=\"nano dessertbuff\u00e9 Cukiernia Jacek Placek \u00e4r synonymt med smaken av hembakade kakor gjorda av naturliga produkter.\" srcset=\"https:\/\/jacekplacek.com.pl\/wp-content\/uploads\/2022\/08\/ZDJ_0284-1360x906.jpg 1360w, https:\/\/jacekplacek.com.pl\/wp-content\/uploads\/2022\/08\/ZDJ_0284-350x233.jpg 350w, https:\/\/jacekplacek.com.pl\/wp-content\/uploads\/2022\/08\/ZDJ_0284-768x512.jpg 768w, https:\/\/jacekplacek.com.pl\/wp-content\/uploads\/2022\/08\/ZDJ_0284-1536x1024.jpg 1536w, https:\/\/jacekplacek.com.pl\/wp-content\/uploads\/2022\/08\/ZDJ_0284-600x400.jpg 600w, https:\/\/jacekplacek.com.pl\/wp-content\/uploads\/2022\/08\/ZDJ_0284.jpg 2000w\" sizes=\"(max-width: 1200px) 100vw, 1200px\" \/>\t\t\t\t\t\t\t\t\t\t\t\t\t\t\t<\/div>\n\t\t\t\t<\/div>\n\t\t\t\t<\/div>\n\t\t<div class=\"elementor-element elementor-element-f34b081 e-con-full e-flex e-con e-child\" data-id=\"f34b081\" data-element_type=\"container\" data-settings=\"{&quot;jet_parallax_layout_list&quot;:[]}\">\n\t\t\t\t<div class=\"elementor-element elementor-element-6ba5dda elementor-widget elementor-widget-image\" data-id=\"6ba5dda\" data-element_type=\"widget\" data-widget_type=\"image.default\">\n\t\t\t\t<div class=\"elementor-widget-container\">\n\t\t\t\t\t\t\t\t\t\t\t\t\t\t\t<img loading=\"lazy\" decoding=\"async\" width=\"1200\" height=\"799\" src=\"https:\/\/jacekplacek.com.pl\/wp-content\/uploads\/2022\/08\/ZDJ_0310-1360x906.jpg\" class=\"attachment-large size-large wp-image-7461\" alt=\"nano desserter Cukiernia Jacek Placek \u00e4r synonymt med smaken av hembakade kakor gjorda av naturliga produkter.\" srcset=\"https:\/\/jacekplacek.com.pl\/wp-content\/uploads\/2022\/08\/ZDJ_0310-1360x906.jpg 1360w, https:\/\/jacekplacek.com.pl\/wp-content\/uploads\/2022\/08\/ZDJ_0310-350x233.jpg 350w, https:\/\/jacekplacek.com.pl\/wp-content\/uploads\/2022\/08\/ZDJ_0310-768x512.jpg 768w, https:\/\/jacekplacek.com.pl\/wp-content\/uploads\/2022\/08\/ZDJ_0310-1536x1024.jpg 1536w, https:\/\/jacekplacek.com.pl\/wp-content\/uploads\/2022\/08\/ZDJ_0310-600x400.jpg 600w, https:\/\/jacekplacek.com.pl\/wp-content\/uploads\/2022\/08\/ZDJ_0310.jpg 2000w\" sizes=\"(max-width: 1200px) 100vw, 1200px\" \/>\t\t\t\t\t\t\t\t\t\t\t\t\t\t\t<\/div>\n\t\t\t\t<\/div>\n\t\t\t\t<\/div>\n\t\t<div class=\"elementor-element elementor-element-e1b9275 e-con-full e-flex e-con e-child\" data-id=\"e1b9275\" data-element_type=\"container\" data-settings=\"{&quot;jet_parallax_layout_list&quot;:[]}\">\n\t\t\t\t<div class=\"elementor-element elementor-element-4c74436 elementor-widget elementor-widget-image\" data-id=\"4c74436\" data-element_type=\"widget\" data-widget_type=\"image.default\">\n\t\t\t\t<div class=\"elementor-widget-container\">\n\t\t\t\t\t\t\t\t\t\t\t\t\t\t\t<img loading=\"lazy\" decoding=\"async\" width=\"1200\" height=\"799\" src=\"https:\/\/jacekplacek.com.pl\/wp-content\/uploads\/2022\/08\/ZDJ_0305-1360x906.jpg\" class=\"attachment-large size-large wp-image-7460\" alt=\"nano desserter kakor Jacek Placek Konfektyr \u00e4r synonymt med smaken av hembakade kakor gjorda av naturliga produkter.\" srcset=\"https:\/\/jacekplacek.com.pl\/wp-content\/uploads\/2022\/08\/ZDJ_0305-1360x906.jpg 1360w, https:\/\/jacekplacek.com.pl\/wp-content\/uploads\/2022\/08\/ZDJ_0305-350x233.jpg 350w, https:\/\/jacekplacek.com.pl\/wp-content\/uploads\/2022\/08\/ZDJ_0305-768x512.jpg 768w, https:\/\/jacekplacek.com.pl\/wp-content\/uploads\/2022\/08\/ZDJ_0305-1536x1024.jpg 1536w, https:\/\/jacekplacek.com.pl\/wp-content\/uploads\/2022\/08\/ZDJ_0305-600x400.jpg 600w, https:\/\/jacekplacek.com.pl\/wp-content\/uploads\/2022\/08\/ZDJ_0305.jpg 2000w\" sizes=\"(max-width: 1200px) 100vw, 1200px\" \/>\t\t\t\t\t\t\t\t\t\t\t\t\t\t\t<\/div>\n\t\t\t\t<\/div>\n\t\t\t\t<\/div>\n\t\t<div class=\"elementor-element elementor-element-9d03fec e-con-full e-flex e-con e-child\" data-id=\"9d03fec\" data-element_type=\"container\" data-settings=\"{&quot;jet_parallax_layout_list&quot;:[]}\">\n\t\t\t\t<div class=\"elementor-element elementor-element-ad36477 elementor-widget elementor-widget-image\" data-id=\"ad36477\" data-element_type=\"widget\" data-widget_type=\"image.default\">\n\t\t\t\t<div class=\"elementor-widget-container\">\n\t\t\t\t\t\t\t\t\t\t\t\t\t\t\t<img loading=\"lazy\" decoding=\"async\" width=\"1200\" height=\"799\" src=\"https:\/\/jacekplacek.com.pl\/wp-content\/uploads\/2022\/08\/ZDJ_0345-1360x906.jpg\" class=\"attachment-large size-large wp-image-7462\" alt=\"mini t\u00e5rtor Cukiernia Jacek Placek \u00e4r synonymt med smaken av hembakade kakor gjorda av naturliga produkter.\" srcset=\"https:\/\/jacekplacek.com.pl\/wp-content\/uploads\/2022\/08\/ZDJ_0345-1360x906.jpg 1360w, https:\/\/jacekplacek.com.pl\/wp-content\/uploads\/2022\/08\/ZDJ_0345-350x233.jpg 350w, https:\/\/jacekplacek.com.pl\/wp-content\/uploads\/2022\/08\/ZDJ_0345-768x512.jpg 768w, https:\/\/jacekplacek.com.pl\/wp-content\/uploads\/2022\/08\/ZDJ_0345-1536x1024.jpg 1536w, https:\/\/jacekplacek.com.pl\/wp-content\/uploads\/2022\/08\/ZDJ_0345-600x400.jpg 600w, https:\/\/jacekplacek.com.pl\/wp-content\/uploads\/2022\/08\/ZDJ_0345.jpg 2000w\" sizes=\"(max-width: 1200px) 100vw, 1200px\" \/>\t\t\t\t\t\t\t\t\t\t\t\t\t\t\t<\/div>\n\t\t\t\t<\/div>\n\t\t\t\t<\/div>\n\t\t\t\t\t<\/div>\n\t\t\t\t<\/div>\n\t\t<div class=\"elementor-element elementor-element-593a31b e-flex e-con-boxed e-con e-parent\" data-id=\"593a31b\" data-element_type=\"container\" data-settings=\"{&quot;jet_parallax_layout_list&quot;:[]}\">\n\t\t\t\t\t<div class=\"e-con-inner\">\n\t\t\t\t<div class=\"elementor-element elementor-element-c51ec6f elementor-widget elementor-widget-text-editor\" data-id=\"c51ec6f\" data-element_type=\"widget\" data-widget_type=\"text-editor.default\">\n\t\t\t\t<div class=\"elementor-widget-container\">\n\t\t\t\t\t\t\t\t\t<p>\u00a0<\/p><p><span style=\"font-weight: 400\">V\u00e5rt utbud av t\u00e5rtor f\u00f6r speciella tillf\u00e4llen inkluderar dekoration med blommor, toppers och tryck p\u00e5 wafers, samt personalisering av inskriptioner.<\/span><\/p>\t\t\t\t\t\t\t\t<\/div>\n\t\t\t\t<\/div>\n\t\t\t\t\t<\/div>\n\t\t\t\t<\/div>\n\t\t<div class=\"elementor-element elementor-element-3fb1734 e-flex e-con-boxed e-con e-parent\" data-id=\"3fb1734\" data-element_type=\"container\" data-settings=\"{&quot;jet_parallax_layout_list&quot;:[]}\">\n\t\t\t\t\t<div class=\"e-con-inner\">\n\t\t<div class=\"elementor-element elementor-element-eec8ecc e-con-full e-flex e-con e-child\" data-id=\"eec8ecc\" data-element_type=\"container\" data-settings=\"{&quot;jet_parallax_layout_list&quot;:[]}\">\n\t\t\t\t<div class=\"elementor-element elementor-element-77f291f elementor-widget elementor-widget-image\" data-id=\"77f291f\" data-element_type=\"widget\" data-widget_type=\"image.default\">\n\t\t\t\t<div class=\"elementor-widget-container\">\n\t\t\t\t\t\t\t\t\t\t\t\t\t\t\t<img loading=\"lazy\" decoding=\"async\" width=\"1200\" height=\"800\" src=\"https:\/\/jacekplacek.com.pl\/wp-content\/uploads\/2022\/05\/ZDJ_0120-1360x907.jpg\" class=\"attachment-large size-large wp-image-5588\" alt=\"T\u00e5rtbok f\u00f6r nattvard Jacek Placek Konfektyr \u00e4r synonymt med smaken av hembakade kakor gjorda av naturprodukter.\" srcset=\"https:\/\/jacekplacek.com.pl\/wp-content\/uploads\/2022\/05\/ZDJ_0120-1360x907.jpg 1360w, https:\/\/jacekplacek.com.pl\/wp-content\/uploads\/2022\/05\/ZDJ_0120-350x233.jpg 350w, https:\/\/jacekplacek.com.pl\/wp-content\/uploads\/2022\/05\/ZDJ_0120-768x512.jpg 768w, https:\/\/jacekplacek.com.pl\/wp-content\/uploads\/2022\/05\/ZDJ_0120-1536x1025.jpg 1536w, https:\/\/jacekplacek.com.pl\/wp-content\/uploads\/2022\/05\/ZDJ_0120-600x400.jpg 600w, https:\/\/jacekplacek.com.pl\/wp-content\/uploads\/2022\/05\/ZDJ_0120.jpg 2000w\" sizes=\"(max-width: 1200px) 100vw, 1200px\" \/>\t\t\t\t\t\t\t\t\t\t\t\t\t\t\t<\/div>\n\t\t\t\t<\/div>\n\t\t\t\t<\/div>\n\t\t<div class=\"elementor-element elementor-element-6aced67 e-con-full e-flex e-con e-child\" data-id=\"6aced67\" data-element_type=\"container\" data-settings=\"{&quot;jet_parallax_layout_list&quot;:[]}\">\n\t\t\t\t<div class=\"elementor-element elementor-element-b561cf1 elementor-widget elementor-widget-image\" data-id=\"b561cf1\" data-element_type=\"widget\" data-widget_type=\"image.default\">\n\t\t\t\t<div class=\"elementor-widget-container\">\n\t\t\t\t\t\t\t\t\t\t\t\t\t\t\t<img loading=\"lazy\" decoding=\"async\" width=\"1200\" height=\"799\" src=\"https:\/\/jacekplacek.com.pl\/wp-content\/uploads\/2022\/05\/ZDJ_0083-1360x906.jpg\" class=\"attachment-large size-large wp-image-5545\" alt=\"En rund t\u00e5rta med avtryck f\u00f6r nattvarden Jacek Placek Konfektyr \u00e4r synonymt med smaken av hembakade kakor gjorda av naturliga produkter.\" srcset=\"https:\/\/jacekplacek.com.pl\/wp-content\/uploads\/2022\/05\/ZDJ_0083-1360x906.jpg 1360w, https:\/\/jacekplacek.com.pl\/wp-content\/uploads\/2022\/05\/ZDJ_0083-350x233.jpg 350w, https:\/\/jacekplacek.com.pl\/wp-content\/uploads\/2022\/05\/ZDJ_0083-768x512.jpg 768w, https:\/\/jacekplacek.com.pl\/wp-content\/uploads\/2022\/05\/ZDJ_0083-1536x1024.jpg 1536w, https:\/\/jacekplacek.com.pl\/wp-content\/uploads\/2022\/05\/ZDJ_0083-600x400.jpg 600w, https:\/\/jacekplacek.com.pl\/wp-content\/uploads\/2022\/05\/ZDJ_0083.jpg 2000w\" sizes=\"(max-width: 1200px) 100vw, 1200px\" \/>\t\t\t\t\t\t\t\t\t\t\t\t\t\t\t<\/div>\n\t\t\t\t<\/div>\n\t\t\t\t<\/div>\n\t\t\t\t\t<\/div>\n\t\t\t\t<\/div>\n\t\t<div class=\"elementor-element elementor-element-3ab4a3c e-flex e-con-boxed e-con e-parent\" data-id=\"3ab4a3c\" data-element_type=\"container\" data-settings=\"{&quot;jet_parallax_layout_list&quot;:[]}\">\n\t\t\t\t\t<div class=\"e-con-inner\">\n\t\t\t\t<div class=\"elementor-element elementor-element-8f754db elementor-widget elementor-widget-text-editor\" data-id=\"8f754db\" data-element_type=\"widget\" data-widget_type=\"text-editor.default\">\n\t\t\t\t<div class=\"elementor-widget-container\">\n\t\t\t\t\t\t\t\t\t<p><br \/><span style=\"font-weight: 400\">I somras gjorde vi v\u00e5r debut \u2013 med stor framg\u00e5ng \u2013 som utst\u00e4llare p\u00e5 Dominikanska m\u00e4ssan i Gda\u0144sk.<br \/>V\u00e5ra bl\u00e5b\u00e4rst\u00e5rtor, hembakade bullar och cheesecakes blev otroligt lyckade, f\u00f6rsvann som... de \u00f6k\u00e4nda varma kakorna!<\/span><br \/><span style=\"font-weight: 400\"><br \/>Detta fick oss att inse att kunder fortfarande \u00e4r ben\u00e4gna till traditionella, naturliga smaker - och v\u00e5rt f\u00f6retagsuppdrag \u00e4r vettigt. Tack!<\/span><\/p>\t\t\t\t\t\t\t\t<\/div>\n\t\t\t\t<\/div>\n\t\t\t\t\t<\/div>\n\t\t\t\t<\/div>\n\t\t<div class=\"elementor-element elementor-element-1c321d5 e-flex e-con-boxed e-con e-parent\" data-id=\"1c321d5\" data-element_type=\"container\" data-settings=\"{&quot;jet_parallax_layout_list&quot;:[]}\">\n\t\t\t\t\t<div class=\"e-con-inner\">\n\t\t<div class=\"elementor-element elementor-element-822d5f8 e-con-full e-flex e-con e-child\" data-id=\"822d5f8\" data-element_type=\"container\" data-settings=\"{&quot;jet_parallax_layout_list&quot;:[]}\">\n\t\t\t\t<div class=\"elementor-element elementor-element-7656873 elementor-widget elementor-widget-image\" data-id=\"7656873\" data-element_type=\"widget\" data-widget_type=\"image.default\">\n\t\t\t\t<div class=\"elementor-widget-container\">\n\t\t\t\t\t\t\t\t\t\t\t\t\t\t\t<img loading=\"lazy\" decoding=\"async\" width=\"1087\" height=\"1360\" src=\"https:\/\/jacekplacek.com.pl\/wp-content\/uploads\/2022\/07\/295227803_5270934592976035_2251181954999705847_n-1087x1360.jpg\" class=\"attachment-large size-large wp-image-7242\" alt=\"Monter Jacek Placek Dominika\u0144ski Fair 2022 Gda\u0144sk Jacek Placek Konfektyr \u00e4r synonymt med smaken av hembakade kakor gjorda av naturliga produkter.\" srcset=\"https:\/\/jacekplacek.com.pl\/wp-content\/uploads\/2022\/07\/295227803_5270934592976035_2251181954999705847_n-1087x1360.jpg 1087w, https:\/\/jacekplacek.com.pl\/wp-content\/uploads\/2022\/07\/295227803_5270934592976035_2251181954999705847_n-280x350.jpg 280w, https:\/\/jacekplacek.com.pl\/wp-content\/uploads\/2022\/07\/295227803_5270934592976035_2251181954999705847_n-768x961.jpg 768w, https:\/\/jacekplacek.com.pl\/wp-content\/uploads\/2022\/07\/295227803_5270934592976035_2251181954999705847_n-600x750.jpg 600w, https:\/\/jacekplacek.com.pl\/wp-content\/uploads\/2022\/07\/295227803_5270934592976035_2251181954999705847_n.jpg 1228w\" sizes=\"(max-width: 1087px) 100vw, 1087px\" \/>\t\t\t\t\t\t\t\t\t\t\t\t\t\t\t<\/div>\n\t\t\t\t<\/div>\n\t\t\t\t<\/div>\n\t\t<div class=\"elementor-element elementor-element-2280049 e-con-full e-flex e-con e-child\" data-id=\"2280049\" data-element_type=\"container\" data-settings=\"{&quot;jet_parallax_layout_list&quot;:[]}\">\n\t\t\t\t<div class=\"elementor-element elementor-element-abcf5af elementor-widget elementor-widget-image\" data-id=\"abcf5af\" data-element_type=\"widget\" data-widget_type=\"image.default\">\n\t\t\t\t<div class=\"elementor-widget-container\">\n\t\t\t\t\t\t\t\t\t\t\t\t\t\t\t<img loading=\"lazy\" decoding=\"async\" width=\"1088\" height=\"1360\" src=\"https:\/\/jacekplacek.com.pl\/wp-content\/uploads\/2022\/07\/295269349_5270934496309378_1652367777817499049_n-1088x1360.jpg\" class=\"attachment-large size-large wp-image-7247\" alt=\"Monter Jacek Placek Dominika\u0144ski Fair 2022 Gda\u0144sk Jacek Placek Konfektyr \u00e4r synonymt med smaken av hembakade kakor gjorda av naturliga produkter.\" srcset=\"https:\/\/jacekplacek.com.pl\/wp-content\/uploads\/2022\/07\/295269349_5270934496309378_1652367777817499049_n-1088x1360.jpg 1088w, https:\/\/jacekplacek.com.pl\/wp-content\/uploads\/2022\/07\/295269349_5270934496309378_1652367777817499049_n-280x350.jpg 280w, https:\/\/jacekplacek.com.pl\/wp-content\/uploads\/2022\/07\/295269349_5270934496309378_1652367777817499049_n-768x960.jpg 768w, https:\/\/jacekplacek.com.pl\/wp-content\/uploads\/2022\/07\/295269349_5270934496309378_1652367777817499049_n-1229x1536.jpg 1229w, https:\/\/jacekplacek.com.pl\/wp-content\/uploads\/2022\/07\/295269349_5270934496309378_1652367777817499049_n-600x750.jpg 600w, https:\/\/jacekplacek.com.pl\/wp-content\/uploads\/2022\/07\/295269349_5270934496309378_1652367777817499049_n.jpg 1536w\" sizes=\"(max-width: 1088px) 100vw, 1088px\" \/>\t\t\t\t\t\t\t\t\t\t\t\t\t\t\t<\/div>\n\t\t\t\t<\/div>\n\t\t\t\t<\/div>\n\t\t\t\t\t<\/div>\n\t\t\t\t<\/div>\n\t\t\t\t<\/div>","protected":false},"excerpt":{"rendered":"<p>Jacek Placek to rodzinna cukiernia, zajmuj\u0105ca si\u0119 od ponad \u0107wier\u0107wiecza produkcj\u0105 s\u0142odkich wypiek\u00f3w, kt\u00f3re dzi\u0119ki naturalnym sk\u0142adnikom i ulepszanym od pokole\u0144 recepturom zachowuj\u0105 niepowtarzalny, domowy smak. Nasze ciasta pachn\u0105 i smakuj\u0105 \u201ejak dawniej\u201d.Dlatego w naszym zak\u0142adzie wci\u0105\u017c u\u017cywamy \u2013 i zamierzamy u\u017cywa\u0107 &#8211;\u00a0 prawdziwych jaj, mas\u0142a, \u015bmietany i domowych konfitur. Eksperymenty z modnymi smakami i [&hellip;]<\/p>","protected":false},"author":3,"featured_media":7509,"comment_status":"closed","ping_status":"closed","sticky":false,"template":"","format":"standard","meta":{"content-type":"","footnotes":""},"categories":[1],"tags":[578,575,574,573,576],"class_list":["post-7397","post","type-post","status-publish","format-standard","has-post-thumbnail","hentry","category-aktualnosci","tag-busola-wejherowo","tag-cukiernia-jacek-placek-gdansk-osowa","tag-cukiernia-jacek-placek-gdansk-zaspa","tag-cukiernia-jacek-placek-gowino","tag-cukiernia-jacek-placek-sopot","entry","has-media","owp-thumbs-layout-horizontal","owp-btn-normal","owp-tabs-layout-horizontal","has-no-thumbnails","has-product-nav"],"acf":[],"_links":{"self":[{"href":"https:\/\/jacekplacek.com.pl\/sv\/wp-json\/wp\/v2\/posts\/7397","targetHints":{"allow":["GET"]}}],"collection":[{"href":"https:\/\/jacekplacek.com.pl\/sv\/wp-json\/wp\/v2\/posts"}],"about":[{"href":"https:\/\/jacekplacek.com.pl\/sv\/wp-json\/wp\/v2\/types\/post"}],"author":[{"embeddable":true,"href":"https:\/\/jacekplacek.com.pl\/sv\/wp-json\/wp\/v2\/users\/3"}],"replies":[{"embeddable":true,"href":"https:\/\/jacekplacek.com.pl\/sv\/wp-json\/wp\/v2\/comments?post=7397"}],"version-history":[{"count":0,"href":"https:\/\/jacekplacek.com.pl\/sv\/wp-json\/wp\/v2\/posts\/7397\/revisions"}],"wp:featuredmedia":[{"embeddable":true,"href":"https:\/\/jacekplacek.com.pl\/sv\/wp-json\/wp\/v2\/media\/7509"}],"wp:attachment":[{"href":"https:\/\/jacekplacek.com.pl\/sv\/wp-json\/wp\/v2\/media?parent=7397"}],"wp:term":[{"taxonomy":"category","embeddable":true,"href":"https:\/\/jacekplacek.com.pl\/sv\/wp-json\/wp\/v2\/categories?post=7397"},{"taxonomy":"post_tag","embeddable":true,"href":"https:\/\/jacekplacek.com.pl\/sv\/wp-json\/wp\/v2\/tags?post=7397"}],"curies":[{"name":"wp","href":"https:\/\/api.w.org\/{rel}","templated":true}]}}