{"id":12868,"date":"2024-05-06T14:58:39","date_gmt":"2024-05-06T12:58:39","guid":{"rendered":"https:\/\/jacekplacek.com.pl\/?p=12868"},"modified":"2024-05-06T14:58:39","modified_gmt":"2024-05-06T12:58:39","slug":"hur-man-forbereder-den-perfekta-fikapausen-under-en-konferens","status":"publish","type":"post","link":"https:\/\/jacekplacek.com.pl\/sv\/hur-man-forbereder-den-perfekta-fikapausen-under-en-konferens\/","title":{"rendered":"Hur f\u00f6rbereder man den perfekta fikapausen under en konferens?"},"content":{"rendered":"<p><span style=\"font-weight: 400;\">En fika \u00e4r en viktig del av varje konferens eller aff\u00e4rsm\u00f6te. Det ger en m\u00f6jlighet att ta del av f\u00f6rfriskningar, en stunds avkoppling under ett intensivt program, och ett utm\u00e4rkt tillf\u00e4lle att inleda samtal med andra deltagare och ut\u00f6ka aff\u00e4rskontakter. Hur organiserar man en fika f\u00f6r att tillfredsst\u00e4lla dina g\u00e4ster till fullo och glatt \u00f6verraska dem?<\/span><\/p>\n<h2><b>Varf\u00f6r \u00e4r en fika s\u00e5 viktig?<\/b><\/h2>\n<p><a href=\"https:\/\/jacekplacek.com.pl\/sv\/lagra\/kakor-och-kakor\/smakakor\/fullkornskakor-med-rorsocker\/\"><img fetchpriority=\"high\" decoding=\"async\" class=\"alignleft wp-image-10103 size-medium\" src=\"https:\/\/jacekplacek.com.pl\/wp-content\/uploads\/2023\/07\/Ciasteczka-pelnoziarniste-Muscovado-1600-1-350x233.jpg\" alt=\"\" width=\"350\" height=\"233\" srcset=\"https:\/\/jacekplacek.com.pl\/wp-content\/uploads\/2023\/07\/Ciasteczka-pelnoziarniste-Muscovado-1600-1-350x233.jpg 350w, https:\/\/jacekplacek.com.pl\/wp-content\/uploads\/2023\/07\/Ciasteczka-pelnoziarniste-Muscovado-1600-1-1360x907.jpg 1360w, https:\/\/jacekplacek.com.pl\/wp-content\/uploads\/2023\/07\/Ciasteczka-pelnoziarniste-Muscovado-1600-1-768x512.jpg 768w, https:\/\/jacekplacek.com.pl\/wp-content\/uploads\/2023\/07\/Ciasteczka-pelnoziarniste-Muscovado-1600-1-1536x1024.jpg 1536w, https:\/\/jacekplacek.com.pl\/wp-content\/uploads\/2023\/07\/Ciasteczka-pelnoziarniste-Muscovado-1600-1-18x12.jpg 18w, https:\/\/jacekplacek.com.pl\/wp-content\/uploads\/2023\/07\/Ciasteczka-pelnoziarniste-Muscovado-1600-1-600x400.jpg 600w, https:\/\/jacekplacek.com.pl\/wp-content\/uploads\/2023\/07\/Ciasteczka-pelnoziarniste-Muscovado-1600-1.jpg 1600w\" sizes=\"(max-width: 350px) 100vw, 350px\" \/><\/a><\/p>\n<p><span style=\"font-weight: 400;\">En fikapaus \u00e4r en planerad tid mellan enskilda delar av konferensen, som i f\u00f6rsta hand anv\u00e4nds av deltagarna f\u00f6r att vila och ta del av de snacks och drycker som tillagas f\u00f6r dem. Tack vare detta kan de \u00e5terh\u00e4mta sig efter intellektuell anstr\u00e4ngning, f\u00f6rb\u00e4ttra sin koncentration och \u00e5terf\u00e5 styrka f\u00f6r n\u00e4sta delar av programmet. Dessutom sker fikapauser i en informell atmosf\u00e4r, vilket underl\u00e4ttar etableringen av relationer mellan deltagarna och det efterf\u00f6ljande utbytet av erfarenheter och aff\u00e4rskontakter. En v\u00e4lorganiserad fikapaus visar verkligen p\u00e5 professionalismen hos ett givet evenemang, vilket blir mer attraktivt f\u00f6r g\u00e4sterna.<\/span><\/p>\n<h2><b>Vad ska man servera under en fika?<\/b><\/h2>\n<p><span style=\"font-weight: 400;\">\u00c4ven om namnet antyder det, under en fikapaus \u00e4r det inte bara kaffe eller andra drycker som serveras. Menyn b\u00f6r inneh\u00e5lla en m\u00e4ngd olika tilltugg, b\u00e5de s\u00f6ta och salta, s\u00e5som n\u00e4ringsrika sm\u00f6rg\u00e5sar och sallader, f\u00e4rgglada gr\u00f6nsaksp\u00e5l\u00e4gg, minit\u00e5rtor, l\u00e4ckra kakor och kakor och frukt. Den perfekta l\u00f6sningen f\u00f6r ett s\u00e5dant tillf\u00e4lle \u00e4r <span style=\"color: #3366ff;\"><strong>=&gt; <\/strong><\/span><\/span><span style=\"color: #3366ff;\"><strong><a style=\"color: #3366ff;\" href=\"https:\/\/jacekplacek.com.pl\/sv\/produktkategori\/nanos\/\">eng\u00e5ngsefterr\u00e4tter<\/a><\/strong><\/span><span style=\"font-weight: 400;\">, vilket s\u00e4kert kommer att gl\u00e4dja g\u00e4sterna inte bara n\u00e4r det g\u00e4ller smak, utan ocks\u00e5 visuellt. Vi kan inte heller gl\u00f6mma erbjudandet f\u00f6r vegetarianer och veganer, samt f\u00f6r personer med s\u00e4rskilda kostbehov, t.ex. de som undviker gluten eller standardsocker.\u00a0<\/span><\/p>\n<p><span style=\"font-weight: 400;\">N\u00e4r det kommer till dryckerna som serveras under en fikapaus b\u00f6r vi s\u00e4kerst\u00e4lla ett brett utbud s\u00e5 att varje deltagare kan hitta n\u00e5got f\u00f6r sig sj\u00e4lv. F\u00f6rsta platsen \u00e4r s\u00e5klart kaffe, s\u00e5 det ska vara av bra kvalitet och g\u00e4rna serveras i en m\u00e4ngd olika varianter. D\u00e4rf\u00f6r \u00e4r det v\u00e4rt att investera i en modern kaffemaskin som kan g\u00f6ra aromatiskt kaffe av nymalda b\u00f6nor och olika typer av kaffedrycker samt varm choklad och kakao. Den andra obligatoriska drycken under konferensen \u00e4r te \u2013 tillg\u00e4ngligt f\u00f6r g\u00e4sterna i m\u00e5nga typer och smaker: svart, gr\u00f6nt, frukt eller \u00f6rt, samt i l\u00f6sblads- och tep\u00e5seform. I erbjudandet ing\u00e5r f\u00f6rutom kaffe och te \u00e4ven juicer och mineralvatten.\u00a0<\/span><\/p>\n<p><span style=\"font-weight: 400;\">En s\u00e5dan f\u00f6rberedd buff\u00e9 med ett brett urval av f\u00f6rfriskningar kommer s\u00e4kert att tillfredsst\u00e4lla alla g\u00e4sters behov. Det \u00e4r dock fortfarande v\u00e4rt att ta hand om den attraktiva presentationen av snacks och den estetiska dukningen av borden, eftersom dessa viktiga detaljer lyfter vikten av evenemanget.<\/span><\/p>\n<h2><b>N\u00e4r och var ska man planera en fika?\u00a0<\/b><\/h2>\n<p><a href=\"https:\/\/jacekplacek.com.pl\/sv\/lagra\/kakor-och-kakor\/smakakor\/havregryn-kakao-kakor\/\"><img decoding=\"async\" class=\"alignright wp-image-10096 size-medium\" src=\"https:\/\/jacekplacek.com.pl\/wp-content\/uploads\/2023\/07\/Ciasteczka-kakaowe-owsiane-1600-1-1-350x233.jpg\" alt=\"\" width=\"350\" height=\"233\" srcset=\"https:\/\/jacekplacek.com.pl\/wp-content\/uploads\/2023\/07\/Ciasteczka-kakaowe-owsiane-1600-1-1-350x233.jpg 350w, https:\/\/jacekplacek.com.pl\/wp-content\/uploads\/2023\/07\/Ciasteczka-kakaowe-owsiane-1600-1-1-1360x905.jpg 1360w, https:\/\/jacekplacek.com.pl\/wp-content\/uploads\/2023\/07\/Ciasteczka-kakaowe-owsiane-1600-1-1-768x511.jpg 768w, https:\/\/jacekplacek.com.pl\/wp-content\/uploads\/2023\/07\/Ciasteczka-kakaowe-owsiane-1600-1-1-1536x1022.jpg 1536w, https:\/\/jacekplacek.com.pl\/wp-content\/uploads\/2023\/07\/Ciasteczka-kakaowe-owsiane-1600-1-1-18x12.jpg 18w, https:\/\/jacekplacek.com.pl\/wp-content\/uploads\/2023\/07\/Ciasteczka-kakaowe-owsiane-1600-1-1-600x399.jpg 600w, https:\/\/jacekplacek.com.pl\/wp-content\/uploads\/2023\/07\/Ciasteczka-kakaowe-owsiane-1600-1-1.jpg 1600w\" sizes=\"(max-width: 350px) 100vw, 350px\" \/><\/a><\/p>\n<p><span style=\"font-weight: 400;\">N\u00e4r vi f\u00f6rbereder konferensprogrammet best\u00e4mmer vi exakt tid och antal fikaraster. Beroende p\u00e5 evenemangets storlek och antal deltagare kan det vara flera eller bara en. P\u00e5 samma s\u00e4tt b\u00f6r l\u00e4ngden p\u00e5 en s\u00e5dan paus planeras p\u00e5 l\u00e4mpligt s\u00e4tt s\u00e5 att alla g\u00e4ster hinner \u00e4ta n\u00e5got och dricka kaffe, anv\u00e4nda toaletten och vila en stund och \u00e4ven prata med andra m\u00e4nniskor. I konferensagendan f\u00f6rekommer alltid kaffepauser efter avslutad presentation eller paneldiskussion.\u00a0<\/span><\/p>\n<p><span style=\"font-weight: 400;\">N\u00e4r vi utser en plats f\u00f6r en fikapaus b\u00f6r vi f\u00f6rst bed\u00f6ma om utrymmet till\u00e5ter deltagarna att r\u00f6ra sig fritt, prata och ha enkel tillg\u00e5ng till f\u00f6rfriskningar. B\u00e4st \u00e4r det ocks\u00e5 att placera buff\u00e9borden alldeles intill konferensrummet, t.ex. i hallen eller i relaxavdelningen med soffor. Ibland kan det h\u00e4nda att det enda bra alternativet att planera en fika \u00e4r huvudrummet d\u00e4r evenemanget \u00e4ger rum, eftersom det har mest ledigt utrymme.\u00a0<\/span><\/p>\n<h2><b>Personlig fika<\/b><\/h2>\n<p><span style=\"font-weight: 400;\">Numera blir det mer och mer popul\u00e4rt att organisera personliga fika som \u00e4r skr\u00e4ddarsydda efter g\u00e4sternas individuella behov och preferenser. S\u00e5dana f\u00f6rfriskningar tillagas oftast baserat p\u00e5 unders\u00f6kningar som skickas i f\u00f6rv\u00e4g till konferensdeltagare, tack vare vilka det \u00e4r m\u00f6jligt att l\u00e4ra sig om deras f\u00f6rv\u00e4ntningar och eventuella matallergier eller dieter. P\u00e5 s\u00e5 s\u00e4tt kommer varje g\u00e4st att kunna dra full nytta av de snacks och drycker som serveras.<\/span><\/p>\n<p><span style=\"font-weight: 400;\">N\u00e4r du organiserar en personlig fika \u00e4r det v\u00e4rt att ta h\u00e4nsyn till \u00e5ldern och antalet deltagare, s\u00e5v\u00e4l som evenemangets karakt\u00e4r och plats, eftersom dessa faktorer kommer att hj\u00e4lpa oss att skapa ett attraktivt erbjudande dedikerat till en specifik kund.<\/span><\/p>\n<figure id=\"attachment_11442\" aria-describedby=\"caption-attachment-11442\" style=\"width: 1200px\" class=\"wp-caption aligncenter\"><a href=\"https:\/\/jacekplacek.com.pl\/sv\/lagra\/mini-desserter-for-kafeer\/mini-royal-chokladkaka-3-stycken\/\"><img decoding=\"async\" class=\"wp-image-11442 size-large\" src=\"https:\/\/jacekplacek.com.pl\/wp-content\/uploads\/2023\/10\/Royal-mini-1600px-3-1360x907.jpg\" alt=\"\" width=\"1200\" height=\"800\" srcset=\"https:\/\/jacekplacek.com.pl\/wp-content\/uploads\/2023\/10\/Royal-mini-1600px-3-1360x907.jpg 1360w, https:\/\/jacekplacek.com.pl\/wp-content\/uploads\/2023\/10\/Royal-mini-1600px-3-350x233.jpg 350w, https:\/\/jacekplacek.com.pl\/wp-content\/uploads\/2023\/10\/Royal-mini-1600px-3-768x512.jpg 768w, https:\/\/jacekplacek.com.pl\/wp-content\/uploads\/2023\/10\/Royal-mini-1600px-3-1536x1024.jpg 1536w, https:\/\/jacekplacek.com.pl\/wp-content\/uploads\/2023\/10\/Royal-mini-1600px-3-18x12.jpg 18w, https:\/\/jacekplacek.com.pl\/wp-content\/uploads\/2023\/10\/Royal-mini-1600px-3-600x400.jpg 600w, https:\/\/jacekplacek.com.pl\/wp-content\/uploads\/2023\/10\/Royal-mini-1600px-3.jpg 1600w\" sizes=\"(max-width: 1200px) 100vw, 1200px\" \/><\/a><figcaption id=\"caption-attachment-11442\" class=\"wp-caption-text\">Jacek PLacek<\/figcaption><\/figure>","protected":false},"excerpt":{"rendered":"<p>Przerwa kawowa to niezb\u0119dny element ka\u017cdej konferencji czy spotkania biznesowego. Daje mo\u017cliwo\u015b\u0107 do skorzystania z pocz\u0119stunku, jest chwil\u0105 relaksu w trakcie intensywnego programu, a tak\u017ce znakomit\u0105 okazj\u0105 do nawi\u0105zania rozm\u00f3w z innymi uczestnikami i poszerzenia kontakt\u00f3w biznesowych. Jak zorganizowa\u0107 przerw\u0119 kawow\u0105, aby w pe\u0142ni usatysfakcjonowa\u0107 swoich Go\u015bci oraz mile ich zaskoczy\u0107? Dlaczego przerwa kawowa jest [&hellip;]<\/p>","protected":false},"author":129,"featured_media":11453,"comment_status":"closed","ping_status":"closed","sticky":false,"template":"","format":"standard","meta":{"content-type":"","footnotes":""},"categories":[1],"tags":[],"class_list":["post-12868","post","type-post","status-publish","format-standard","has-post-thumbnail","hentry","category-aktualnosci","entry","has-media","owp-thumbs-layout-horizontal","owp-btn-normal","owp-tabs-layout-horizontal","has-no-thumbnails","has-product-nav"],"acf":[],"_links":{"self":[{"href":"https:\/\/jacekplacek.com.pl\/sv\/wp-json\/wp\/v2\/posts\/12868","targetHints":{"allow":["GET"]}}],"collection":[{"href":"https:\/\/jacekplacek.com.pl\/sv\/wp-json\/wp\/v2\/posts"}],"about":[{"href":"https:\/\/jacekplacek.com.pl\/sv\/wp-json\/wp\/v2\/types\/post"}],"author":[{"embeddable":true,"href":"https:\/\/jacekplacek.com.pl\/sv\/wp-json\/wp\/v2\/users\/129"}],"replies":[{"embeddable":true,"href":"https:\/\/jacekplacek.com.pl\/sv\/wp-json\/wp\/v2\/comments?post=12868"}],"version-history":[{"count":0,"href":"https:\/\/jacekplacek.com.pl\/sv\/wp-json\/wp\/v2\/posts\/12868\/revisions"}],"wp:featuredmedia":[{"embeddable":true,"href":"https:\/\/jacekplacek.com.pl\/sv\/wp-json\/wp\/v2\/media\/11453"}],"wp:attachment":[{"href":"https:\/\/jacekplacek.com.pl\/sv\/wp-json\/wp\/v2\/media?parent=12868"}],"wp:term":[{"taxonomy":"category","embeddable":true,"href":"https:\/\/jacekplacek.com.pl\/sv\/wp-json\/wp\/v2\/categories?post=12868"},{"taxonomy":"post_tag","embeddable":true,"href":"https:\/\/jacekplacek.com.pl\/sv\/wp-json\/wp\/v2\/tags?post=12868"}],"curies":[{"name":"wp","href":"https:\/\/api.w.org\/{rel}","templated":true}]}}