{"id":9330,"date":"2023-05-09T13:31:56","date_gmt":"2023-05-09T11:31:56","guid":{"rendered":"https:\/\/jacekplacek.com.pl\/?p=9330"},"modified":"2023-11-02T11:00:28","modified_gmt":"2023-11-02T10:00:28","slug":"transportere-kaker-og-kaker-oppbevare-og-skjaere-hvordan-gjores-det","status":"publish","type":"post","link":"https:\/\/jacekplacek.com.pl\/nb\/transportere-kaker-og-kaker-oppbevare-og-skjaere-hvordan-gjores-det\/","title":{"rendered":"Transport av kaker og paier, oppbevaring og skj\u00e6ring - hva er den beste m\u00e5ten \u00e5 gj\u00f8re det p\u00e5?"},"content":{"rendered":"<p>S\u00f8te bakverk dukker ofte opp p\u00e5 bordene v\u00e5re. De er et must-ha-element i hver ferie og familiefeiring, samt et deilig tillegg til hverdagskaffe og te. Men hver gang vi bestiller kaker og kaker eller tilbereder dem selv, b\u00f8r vi ta vare p\u00e5 noen f\u00e5 tilleggsdetaljer for \u00e5 sikre at godbiten v\u00e5r blir en suksess. Det handler nemlig om sikker transport av bakervarer, oppbevaring av det og riktig skj\u00e6ring av kaken eller kaken. Den f\u00f8lgende artikkelen vil hjelpe deg med \u00e5 h\u00e5ndtere disse problemene.<\/p>\n<p><a href=\"https:\/\/jacekplacek.com.pl\/nb\/produktkategori\/kaker-2\/\"><img fetchpriority=\"high\" decoding=\"async\" class=\"alignright wp-image-9207 size-thumbnail\" src=\"https:\/\/jacekplacek.com.pl\/wp-content\/uploads\/2023\/04\/ZDJ_9961-1360x906-1-300x250.webp\" alt=\"\" width=\"300\" height=\"250\" \/><\/a><\/p>\n<h2><strong>Hva er den beste m\u00e5ten \u00e5 transportere bakevarer p\u00e5?<\/strong><\/h2>\n<p>Den enkleste m\u00e5ten er selvf\u00f8lgelig \u00e5 benytte muligheten for \u00e5 bestille levering via <span style=\"color: #3366ff;\"><strong>=&gt;<\/strong> <a style=\"color: #3366ff;\" href=\"https:\/\/jacekplacek.com.pl\/nb\">konfektfirma<\/a>,<\/span> hvor vi gjorde kj\u00f8pet. Vi har da en garanti for at kakene blir profesjonelt pakket og fraktet uten skader p\u00e5 oppgitt adresse.<\/p>\n<p>Kunder av v\u00e5re Jacek Placek-konfekter kan stole p\u00e5 dette leveringsalternativet. Vi leverer bestillinger hver dag i Tricity-omr\u00e5det og p\u00e5 utvalgte ukedager i omr\u00e5det fra S\u0142upsk til Hel.<\/p>\n<h2><strong>Hvordan transportere kaker og kaker selv?<\/strong><\/h2>\n<p>Men hvis vi baker en kake hjemme eller ikke bestemmer oss for levering n\u00e5r vi bestiller i en konfektbutikk, b\u00f8r vi gj\u00f8re v\u00e5rt ytterste for \u00e5 sikre at desserten v\u00e5r ikke blir forvrengt under transport. F\u00f8rst av alt m\u00e5 du kj\u00f8pe en passende boks for \u00e5 pakke bakevarene. Den beste er papp som lukkes og er utstyrt med et h\u00e5ndtak - dette er den typen emballasje som brukes av konditorer til kaker og kaker. Derfor, hvis vi bestiller et bakt produkt fra en konfektbutikk, s\u00f8rg for at det er plassert i en slik profesjonell boks.<\/p>\n<p>Vi b\u00f8r v\u00e6re ekstremt forsiktige n\u00e5r vi transporterer kaken. La oss pr\u00f8ve \u00e5 feste den inne i esken slik at pappveggene ikke ved et uhell deformerer de delikate dekorasjonene og kremen. Dessuten, om sommeren, s\u00f8rg for at temperaturen i bilen er lav ved \u00e5 sl\u00e5 p\u00e5 klimaanlegget. Det er ogs\u00e5 verdt \u00e5 legge pakken med kaken i et reisekj\u00f8leskap eller i en isolerende pose.<\/p>\n<p><a href=\"https:\/\/jacekplacek.com.pl\/nb\/produktkategori\/ostekaker-alt\/\"><img decoding=\"async\" class=\"alignleft wp-image-7264 size-medium\" src=\"https:\/\/jacekplacek.com.pl\/wp-content\/uploads\/2022\/07\/MG_2340-350x233.jpg\" alt=\"ostekaker 2 Cukiernia Jacek Placek er synonymt med smaken av hjemmelagde kaker laget av naturlige produkter.\" width=\"350\" height=\"233\" srcset=\"https:\/\/jacekplacek.com.pl\/wp-content\/uploads\/2022\/07\/MG_2340-350x233.jpg 350w, https:\/\/jacekplacek.com.pl\/wp-content\/uploads\/2022\/07\/MG_2340-1360x906.jpg 1360w, https:\/\/jacekplacek.com.pl\/wp-content\/uploads\/2022\/07\/MG_2340-768x512.jpg 768w, https:\/\/jacekplacek.com.pl\/wp-content\/uploads\/2022\/07\/MG_2340-1536x1024.jpg 1536w, https:\/\/jacekplacek.com.pl\/wp-content\/uploads\/2022\/07\/MG_2340-600x400.jpg 600w, https:\/\/jacekplacek.com.pl\/wp-content\/uploads\/2022\/07\/MG_2340.jpg 2000w\" sizes=\"(max-width: 350px) 100vw, 350px\" \/><\/a><\/p>\n<h2><strong>Hvordan lagre kaker og paier riktig?<\/strong><\/h2>\n<p>Et annet viktig sp\u00f8rsm\u00e5l ang\u00e5ende bakevarer er riktig oppbevaring. Hva skal man gj\u00f8re for \u00e5 holde dem friske og smakfulle s\u00e5 lenge som mulig? De fleste kaker er perfekte for frysing, s\u00e5 hvis vi planlegger \u00e5 spre forbruket av s\u00f8tsakene v\u00e5re over lengre tid, b\u00f8r de legges i en beholder eller pakkes tett inn i matfolie og deretter legges i fryseren ved en temperatur under -18 Grader celsius. Bakevarer kan holde seg i den i ca 6 m\u00e5neder og er fortsatt veldig velsmakende etter \u00e5 ha tatt dem ut!<\/p>\n<p>Men hvis vi har tenkt \u00e5 spise kaken innen f\u00e5 dager, er det beste stedet \u00e5 oppbevare den i kj\u00f8leskapet. Denne regelen gjelder spesielt for kaker, ostekaker og andre desserter med gel\u00e9, krem, krem eller frukt. Vi b\u00f8r oppbevare kaken i en lukket beholder, for eksempel i en merkeemballasje fra en konditori. Det er ogs\u00e5 best om vi kvitter oss med produkter med intens lukt, som p\u00f8lser eller bl\u00e5muggoster, fra kj\u00f8leskapet i l\u00f8pet av denne tiden - ingen av oss vil at s\u00f8tsaker skal v\u00e6re mettet med en u\u00f8nsket aroma...<\/p>\n<p>Men n\u00e5r det gjelder t\u00f8rre, smuldrete bakevarer uten frukttilsetning, anbefales ikke lave lagringstemperaturer fordi de kan f\u00f8re til at deigen stivner raskt. Vi anbefaler \u00e5 oppbevare denne typen produkter i boksformer og sm\u00e5kaker i tett lukkede esker.<\/p>\n<h2><strong>Hvordan kutte kake og kake?<\/strong><\/h2>\n<p>\u00c5 kutte s\u00f8te bakevarer kan v\u00e6re plagsomt, og det er derfor noen av oss ikke \u00f8nsker \u00e5 p\u00e5ta oss denne oppgaven i det hele tatt. Hvordan sikre at deigbitene er like store og ikke faller fra hverandre n\u00e5r de skj\u00e6res? Vi har en effektiv m\u00e5te \u00e5 gj\u00f8re dette p\u00e5, som fungerer spesielt godt til kaker og bakverk med glasur. F\u00f8rst m\u00e5 vi forberede to tynne, skarpe kniver. Deretter heller vi kokende vann i et h\u00f8yt kar og legger knivene v\u00e5re i den. Vi venter en stund p\u00e5 at de skal varme opp. S\u00e5 tar vi ut en av dem, t\u00f8rker bladet t\u00f8rt og begynner \u00e5 kutte kaken. Etter hver porsjon fjerner du kremen fra bladet. N\u00e5r kniven er avkj\u00f8lt, erstatter vi den med den andre som fortsatt var i varmt vann og gjentar hele prosessen. Takket v\u00e6re denne metoden kan vi kutte enhver kake pent, jevnt og raskt!<\/p>\n<p><img decoding=\"async\" class=\"aligncenter wp-image-4853 size-large\" src=\"https:\/\/jacekplacek.com.pl\/wp-content\/uploads\/2021\/12\/sernik-z-cynamonem-cukiernia-jacek-placek-web-2-1360x907.jpg\" alt=\"sernik-z-cynamonem2 Cukiernia Jacek Placek er synonymt med smaken av hjemmelagde kaker laget av naturlige produkter.\" width=\"1200\" height=\"800\" srcset=\"https:\/\/jacekplacek.com.pl\/wp-content\/uploads\/2021\/12\/sernik-z-cynamonem-cukiernia-jacek-placek-web-2-1360x907.jpg 1360w, https:\/\/jacekplacek.com.pl\/wp-content\/uploads\/2021\/12\/sernik-z-cynamonem-cukiernia-jacek-placek-web-2-350x233.jpg 350w, https:\/\/jacekplacek.com.pl\/wp-content\/uploads\/2021\/12\/sernik-z-cynamonem-cukiernia-jacek-placek-web-2-768x512.jpg 768w, https:\/\/jacekplacek.com.pl\/wp-content\/uploads\/2021\/12\/sernik-z-cynamonem-cukiernia-jacek-placek-web-2-600x400.jpg 600w, https:\/\/jacekplacek.com.pl\/wp-content\/uploads\/2021\/12\/sernik-z-cynamonem-cukiernia-jacek-placek-web-2.jpg 1500w\" sizes=\"(max-width: 1200px) 100vw, 1200px\" \/><\/p>","protected":false},"excerpt":{"rendered":"<p>S\u0142odkie wypieki cz\u0119sto goszcz\u0105 na naszych sto\u0142ach. S\u0105 obowi\u0105zkowym elementem ka\u017cdej \u015bwi\u0105tecznej i rodzinnej uroczysto\u015bci, jak r\u00f3wnie\u017c stanowi\u0105 pyszny dodatek do codziennej kawy i herbaty. Jednak za ka\u017cdym razem, gdy zamawiamy ciasta i torty b\u0105d\u017a sami je przygotowujemy, powinni\u015bmy zadba\u0107 jeszcze o kilka dodatkowych szczeg\u00f3\u0142\u00f3w, aby nasz pocz\u0119stunek na pewno si\u0119 uda\u0142. A mianowicie chodzi [&hellip;]<\/p>","protected":false},"author":129,"featured_media":9096,"comment_status":"closed","ping_status":"closed","sticky":false,"template":"","format":"standard","meta":{"content-type":"","footnotes":""},"categories":[1],"tags":[],"class_list":["post-9330","post","type-post","status-publish","format-standard","has-post-thumbnail","hentry","category-aktualnosci","entry","has-media","owp-thumbs-layout-horizontal","owp-btn-normal","owp-tabs-layout-horizontal","has-no-thumbnails","has-product-nav"],"acf":[],"_links":{"self":[{"href":"https:\/\/jacekplacek.com.pl\/nb\/wp-json\/wp\/v2\/posts\/9330","targetHints":{"allow":["GET"]}}],"collection":[{"href":"https:\/\/jacekplacek.com.pl\/nb\/wp-json\/wp\/v2\/posts"}],"about":[{"href":"https:\/\/jacekplacek.com.pl\/nb\/wp-json\/wp\/v2\/types\/post"}],"author":[{"embeddable":true,"href":"https:\/\/jacekplacek.com.pl\/nb\/wp-json\/wp\/v2\/users\/129"}],"replies":[{"embeddable":true,"href":"https:\/\/jacekplacek.com.pl\/nb\/wp-json\/wp\/v2\/comments?post=9330"}],"version-history":[{"count":0,"href":"https:\/\/jacekplacek.com.pl\/nb\/wp-json\/wp\/v2\/posts\/9330\/revisions"}],"wp:featuredmedia":[{"embeddable":true,"href":"https:\/\/jacekplacek.com.pl\/nb\/wp-json\/wp\/v2\/media\/9096"}],"wp:attachment":[{"href":"https:\/\/jacekplacek.com.pl\/nb\/wp-json\/wp\/v2\/media?parent=9330"}],"wp:term":[{"taxonomy":"category","embeddable":true,"href":"https:\/\/jacekplacek.com.pl\/nb\/wp-json\/wp\/v2\/categories?post=9330"},{"taxonomy":"post_tag","embeddable":true,"href":"https:\/\/jacekplacek.com.pl\/nb\/wp-json\/wp\/v2\/tags?post=9330"}],"curies":[{"name":"wp","href":"https:\/\/api.w.org\/{rel}","templated":true}]}}