{"id":14393,"date":"2024-10-21T13:44:40","date_gmt":"2024-10-21T11:44:40","guid":{"rendered":"https:\/\/jacekplacek.com.pl\/?p=14393"},"modified":"2024-10-21T13:44:40","modified_gmt":"2024-10-21T11:44:40","slug":"hva-er-forretningsfrokoster-og-hvor-de-kan-organiseres","status":"publish","type":"post","link":"https:\/\/jacekplacek.com.pl\/nb\/hva-er-forretningsfrokoster-og-hvor-de-kan-organiseres\/","title":{"rendered":"Hva er forretningsfrokoster og hvor kan de organiseres?"},"content":{"rendered":"<p><span style=\"font-weight: 400;\">Forretningsm\u00f8ter i form av frokost blir mer og mer popul\u00e6re. Det er en utmerket mulighet til \u00e5 bygge profesjonelle relasjoner, diskutere prosjekter og knytte nye kontakter \u2013 alt i en hyggelig atmosf\u00e6re av et morgenm\u00e5ltid! Fra artikkelen v\u00e5r vil du l\u00e6re hva forretningsfrokoster er, hvor det er best \u00e5 organisere dem og hvilken meny du skal velge.<\/span><\/p>\n<h2><b>Hva er en forretningsfrokost og hva er fordelene med den?<\/b><\/h2>\n<p><span style=\"font-weight: 400;\">Det er et bedriftsm\u00f8te som finner sted om morgenen, vanligvis mellom 07.00 og 11.00, over frokost. Det er mindre formelt enn konferanser eller forretningslunsjer og middager, noe som gir mulighet for mer direkte relasjoner mellom deltakerne og fri diskusjon om faglige emner. I tillegg har det flere andre fordeler \u00e5 planlegge dette m\u00f8tet tidlig p\u00e5 dagen. F\u00f8rst av alt, om morgenen har vi et friskt sinn og mer energi etter en natts s\u00f8vn, takket v\u00e6re at vi er mer kreative og mer \u00e5pne for \u00e5 ta avgj\u00f8relser og diskutere viktige saker. Samtidig er frokost det korteste m\u00e5ltidet, noe som oppmuntrer oss til \u00e5 bruke denne tiden effektivt. I tillegg betyr den tidlige timen av et forretningsm\u00f8te at du ikke trenger \u00e5 kaste bort hele arbeidsdagen. Etter ferdigstillelsen kan du enkelt komme deg til selskapet eller m\u00f8te andre entrepren\u00f8rer.<\/span><\/p>\n<h2><b>Hvor organiserer man en forretningsfrokost?<\/b><\/h2>\n<p><span style=\"font-weight: 400;\">Det er mange steder som er perfekte for \u00e5 organisere forretningsfrokoster. Valget av passende sted avhenger av antall deltakere, arten av m\u00f8tet og det planlagte budsjettet. Her er noen av de mest popul\u00e6re alternativene:<\/span><\/p>\n<ul>\n<li style=\"font-weight: 400;\" aria-level=\"1\"><span style=\"font-weight: 400;\">Restauranter og kafeer<\/span><\/li>\n<\/ul>\n<p><span style=\"font-weight: 400;\">De er et ideelt sted for sm\u00e5 m\u00f8ter i en uformell atmosf\u00e6re, spesielt hvis det serveres en frokostmeny. Det er imidlertid verdt \u00e5 sjekke p\u00e5 forh\u00e5nd om stedet er \u00e5pent om morgenen og om det har tilstrekkelig plass som kan reserveres til et slikt m\u00f8te.<\/span><\/p>\n<ul>\n<li style=\"font-weight: 400;\" aria-level=\"1\"><span style=\"font-weight: 400;\">Hoteller<\/span><\/li>\n<\/ul>\n<p><span style=\"font-weight: 400;\">Oftest har de et forberedt tilbud om forretningsfrokoster, noe som gj\u00f8r organiseringen mye enklere. \u00d8nsker du en mer formell m\u00f8testil, vil et hotell v\u00e6re det rette stedet. Noen av dem har ekstra m\u00f8teplass som kan leies til frokost. Fordelen med hoteller er ogs\u00e5 profesjonell cateringservice, takket v\u00e6re at deltakerne kan fokusere utelukkende p\u00e5 samtalene som finner sted.<\/span><\/p>\n<ul>\n<li style=\"font-weight: 400;\" aria-level=\"1\"><span style=\"font-weight: 400;\">Konferanserom i bedrifter<\/span><\/li>\n<\/ul>\n<p><span style=\"font-weight: 400;\">Dette er en perfekt l\u00f8sning hvis du organiserer en forretningsfrokost i din bedrift og \u00f8nsker at den skal v\u00e6re mer lukket, hovedsakelig for kolleger og partnere. I dette tilfellet m\u00e5 du planlegge en passende meny og bestille catering p\u00e5 stedet, gjerne i form av en buffet. Dette alternativet for forretningsfrokost legger absolutt minst belastning p\u00e5 budsjettet ditt.<\/span><\/p>\n<ul>\n<li style=\"font-weight: 400;\" aria-level=\"1\"><span style=\"font-weight: 400;\">Coworking kontorer<\/span><\/li>\n<\/ul>\n<p><span style=\"font-weight: 400;\">Flere og flere coworking-kontorer tilbyr muligheten til \u00e5 organisere forretningsfrokoster. De er ofte utstyrt med moderne rom som kan leies til ulike m\u00f8ter. Dessuten har coworking-kontorer multimediautstyr, og atmosf\u00e6ren der bidrar til effektive forretningssamtaler.<\/span><\/p>\n<h2><b>Hvilken meny for en forretningsfrokost?<\/b><\/h2>\n<p><span style=\"font-weight: 400;\">Dette skal selvf\u00f8lgelig v\u00e6re frokostretter, b\u00e5de lette og mer mettende. Det er verdt \u00e5 ta hensyn til variasjonen av retter slik at hver deltaker kan finne noe for seg selv - inkludert alternativer for vegetarianere og veganere, samt for personer med matintoleranse. <\/span><span style=\"font-weight: 400;\">Et riktig utvalgt sett med retter er grunnlaget for et vellykket m\u00f8te. Velsmakende mat forbedrer hum\u00f8ret ditt, noe som positivt p\u00e5virker effektiviteten av forretningsaktiviteter.<\/span><\/p>\n<p><span style=\"font-weight: 400;\">\u00c5 legge s\u00f8te bakverk til menyen vil absolutt v\u00e6re en fin aksent under frokosten, spesielt hvis vi tilbyr gjestene et buff\u00e9m\u00e5ltid. Sm\u00f8rekaker og hjemmelagde kaker, s\u00e5 vel som andre kaker, vil fungere utmerket i denne situasjonen <\/span><span style=\"color: #3366ff;\"><strong><a style=\"color: #3366ff;\" href=\"https:\/\/jacekplacek.com.pl\/nb\/produktkategori\/nano\/\">=&gt; enkeltserveringsdesserter<\/a><\/strong><\/span><span style=\"font-weight: 400;\"> \u2013 du finner alle disse produktene i Jacek Placek Confectionery-sortimentet. Vi inviterer deg hjertelig til \u00e5 gj\u00f8re deg kjent med v\u00e5r<strong><span style=\"color: #3366ff;\"> =&gt;<\/span><\/strong><\/span><strong><span style=\"color: #3366ff;\"><a style=\"color: #3366ff;\" href=\"https:\/\/jacekplacek.com.pl\/nb\/produkter\/\">tilby<\/a><\/span><\/strong><span style=\"font-weight: 400;\"> og \u00e5 legge inn bestillinger!<\/span><\/p>\n<p><a href=\"https:\/\/jacekplacek.com.pl\/nb\/lager\/fruktkaker\/gulrotkake-3\/\"><img fetchpriority=\"high\" decoding=\"async\" class=\"aligncenter wp-image-14376 size-large\" src=\"https:\/\/jacekplacek.com.pl\/wp-content\/uploads\/2024\/10\/Tarta-dyniowa-z-jablkami-i-marakuja-1600px-11-1360x907.jpg\" alt=\"\" width=\"1200\" height=\"800\" srcset=\"https:\/\/jacekplacek.com.pl\/wp-content\/uploads\/2024\/10\/Tarta-dyniowa-z-jablkami-i-marakuja-1600px-11-1360x907.jpg 1360w, https:\/\/jacekplacek.com.pl\/wp-content\/uploads\/2024\/10\/Tarta-dyniowa-z-jablkami-i-marakuja-1600px-11-350x233.jpg 350w, https:\/\/jacekplacek.com.pl\/wp-content\/uploads\/2024\/10\/Tarta-dyniowa-z-jablkami-i-marakuja-1600px-11-768x512.jpg 768w, https:\/\/jacekplacek.com.pl\/wp-content\/uploads\/2024\/10\/Tarta-dyniowa-z-jablkami-i-marakuja-1600px-11-1536x1024.jpg 1536w, https:\/\/jacekplacek.com.pl\/wp-content\/uploads\/2024\/10\/Tarta-dyniowa-z-jablkami-i-marakuja-1600px-11-18x12.jpg 18w, https:\/\/jacekplacek.com.pl\/wp-content\/uploads\/2024\/10\/Tarta-dyniowa-z-jablkami-i-marakuja-1600px-11-600x400.jpg 600w, https:\/\/jacekplacek.com.pl\/wp-content\/uploads\/2024\/10\/Tarta-dyniowa-z-jablkami-i-marakuja-1600px-11.jpg 1600w\" sizes=\"(max-width: 1200px) 100vw, 1200px\" \/><\/a><\/p>","protected":false},"excerpt":{"rendered":"<p>Spotkania dla biznesu w formie \u015bniadania ciesz\u0105 si\u0119 coraz wi\u0119ksz\u0105 popularno\u015bci\u0105. Jest to doskona\u0142a okazja do budowania relacji zawodowych, omawiania projekt\u00f3w czy nawi\u0105zywania nowych kontakt\u00f3w \u2013 a to wszystkie w mi\u0142ej atmosferze porannego posi\u0142ku! Z naszego artyku\u0142u dowiesz si\u0119, czym s\u0105 \u015bniadania biznesowe, gdzie je najlepiej zorganizowa\u0107 i jakie wybra\u0107 menu. Na czym polega \u015bniadanie [&hellip;]<\/p>","protected":false},"author":129,"featured_media":14394,"comment_status":"closed","ping_status":"closed","sticky":false,"template":"","format":"standard","meta":{"content-type":"","footnotes":""},"categories":[1],"tags":[],"class_list":["post-14393","post","type-post","status-publish","format-standard","has-post-thumbnail","hentry","category-aktualnosci","entry","has-media","owp-thumbs-layout-horizontal","owp-btn-normal","owp-tabs-layout-horizontal","has-no-thumbnails","has-product-nav"],"acf":[],"_links":{"self":[{"href":"https:\/\/jacekplacek.com.pl\/nb\/wp-json\/wp\/v2\/posts\/14393","targetHints":{"allow":["GET"]}}],"collection":[{"href":"https:\/\/jacekplacek.com.pl\/nb\/wp-json\/wp\/v2\/posts"}],"about":[{"href":"https:\/\/jacekplacek.com.pl\/nb\/wp-json\/wp\/v2\/types\/post"}],"author":[{"embeddable":true,"href":"https:\/\/jacekplacek.com.pl\/nb\/wp-json\/wp\/v2\/users\/129"}],"replies":[{"embeddable":true,"href":"https:\/\/jacekplacek.com.pl\/nb\/wp-json\/wp\/v2\/comments?post=14393"}],"version-history":[{"count":0,"href":"https:\/\/jacekplacek.com.pl\/nb\/wp-json\/wp\/v2\/posts\/14393\/revisions"}],"wp:featuredmedia":[{"embeddable":true,"href":"https:\/\/jacekplacek.com.pl\/nb\/wp-json\/wp\/v2\/media\/14394"}],"wp:attachment":[{"href":"https:\/\/jacekplacek.com.pl\/nb\/wp-json\/wp\/v2\/media?parent=14393"}],"wp:term":[{"taxonomy":"category","embeddable":true,"href":"https:\/\/jacekplacek.com.pl\/nb\/wp-json\/wp\/v2\/categories?post=14393"},{"taxonomy":"post_tag","embeddable":true,"href":"https:\/\/jacekplacek.com.pl\/nb\/wp-json\/wp\/v2\/tags?post=14393"}],"curies":[{"name":"wp","href":"https:\/\/api.w.org\/{rel}","templated":true}]}}