{"id":6976,"date":"2022-07-01T10:54:42","date_gmt":"2022-07-01T08:54:42","guid":{"rendered":"https:\/\/jacekplacek.com.pl\/?p=6976"},"modified":"2022-07-11T09:58:34","modified_gmt":"2022-07-11T07:58:34","slug":"il-culmine-della-stagione-delle-fragole","status":"publish","type":"post","link":"https:\/\/jacekplacek.com.pl\/it\/il-culmine-della-stagione-delle-fragole\/","title":{"rendered":"Stagione completa delle fragole"},"content":{"rendered":"<div data-elementor-type=\"wp-post\" data-elementor-id=\"6976\" class=\"elementor elementor-6976\" data-elementor-post-type=\"post\">\n\t\t\t\t\t\t<section class=\"elementor-section elementor-top-section elementor-element elementor-element-5169211b elementor-section-boxed elementor-section-height-default elementor-section-height-default\" data-id=\"5169211b\" data-element_type=\"section\" data-settings=\"{&quot;jet_parallax_layout_list&quot;:[]}\">\n\t\t\t\t\t\t<div class=\"elementor-container elementor-column-gap-default\">\n\t\t\t\t\t<div class=\"elementor-column elementor-col-100 elementor-top-column elementor-element elementor-element-32b6f60b\" data-id=\"32b6f60b\" data-element_type=\"column\">\n\t\t\t<div class=\"elementor-widget-wrap elementor-element-populated\">\n\t\t\t\t\t\t<div class=\"elementor-element elementor-element-327f145d elementor-widget elementor-widget-text-editor\" data-id=\"327f145d\" data-element_type=\"widget\" data-widget_type=\"text-editor.default\">\n\t\t\t\t<div class=\"elementor-widget-container\">\n\t\t\t\t\t\t\t\t\t<p>\u00c8 il primo giorno di luglio: l&#039;estate \u00e8 arrivata definitivamente e la stagione delle fragole \u00e8 ancora in pieno svolgimento.<br \/>Ora compriamo i frutti estivi pi\u00f9 dolci della Casciubia per le nostre torte.<br \/>Utilizziamo questa benedizione della natura il pi\u00f9 possibile, realizzando per voi cheesecake fredde, gelatine, pan di Spagna e mini crostate. Il tutto arricchito fino all&#039;orlo di fragole fresche e profumate.<br \/>Questi frutti eccezionali, agrodolci, si sposano bene con una soffice panna montata, ma anche con una leggera crema pasticcera,<br \/>quindi non le risparmiamo per i dessert alle fragole.<br \/>Nella nostra offerta di fragole consigliamo\u00a0<strong><a href=\"https:\/\/jacekplacek.com.pl\/it\/negozio\/truskawkowe\/biszkopt-z-truskawkami-i-galaretka\/\" target=\"_blank\" rel=\"noopener\">pan di Spagna con gelatina e panna,<\/a><\/strong> con uno spesso strato di fragole intere. L&#039;aspetto \u00e8 abbastanza simile, ma la consistenza \u00e8 completamente diversa.\u00a0<strong><a href=\"https:\/\/jacekplacek.com.pl\/it\/negozio\/cheesecake-tutto\/cheesecake-fredde\/sernik-na-zimno-z-truskawkami\/\" target=\"_blank\" rel=\"noopener\">cheesecake fredda,<\/a><\/strong> costruito su una base elastica di pasta di formaggio, su un sottile strato di torta di sabbia.<br \/>Sembrano davvero impressionanti.\u00a0<strong><a href=\"https:\/\/jacekplacek.com.pl\/it\/negozio\/truskawkowe\/tarta-truskawkowa-mini\/\" target=\"_blank\" rel=\"noopener\">mini crostate con fragole fresche,<\/a><\/strong> su uno strato di deliziosa crema pasticcera alla vaniglia \u2013 non c&#039;\u00e8 bisogno di tagliarli, una porzione cos\u00ec comoda per qualche boccone\u2026\u00a0<br \/>La nostra versione stagionale \u00e8 un&#039;interessante combinazione di torta soffice e umida con fragole.\u00a0<strong><a href=\"https:\/\/jacekplacek.com.pl\/it\/negozio\/torte-alla-frutta-2\/ciasto-jogurtowe-z-truskawkami\/\" target=\"_blank\" rel=\"noopener\">torta allo yogurt<\/a><\/strong> con glassa al cioccolato bianco, che offriamo sempre e prepariamo con l&#039;aggiunta di bacche della Kamchatka.\u00a0<br \/>Vi invitiamo a provare le nostre proposte alle fragole finch\u00e9 sono ancora disponibili!<\/p><p><strong><a href=\"https:\/\/jacekplacek.com.pl\/it\/categoria-di-prodotto\/truskawkowe\/\" target=\"_blank\" rel=\"noopener\">Torte alle fragole presso la pasticceria Jacek Placek<\/a><\/strong><\/p>\t\t\t\t\t\t\t\t<\/div>\n\t\t\t\t<\/div>\n\t\t\t\t\t<\/div>\n\t\t<\/div>\n\t\t\t\t\t<\/div>\n\t\t<\/section>\n\t\t<div class=\"elementor-element elementor-element-5b834f4 e-flex e-con-boxed e-con e-parent\" data-id=\"5b834f4\" data-element_type=\"container\" data-settings=\"{&quot;jet_parallax_layout_list&quot;:[]}\">\n\t\t\t\t\t<div class=\"e-con-inner\">\n\t\t<div class=\"elementor-element elementor-element-1c3b89e e-con-full e-flex e-con e-child\" data-id=\"1c3b89e\" data-element_type=\"container\" data-settings=\"{&quot;jet_parallax_layout_list&quot;:[]}\">\n\t\t\t\t<div class=\"elementor-element elementor-element-aaf6b11 elementor-widget elementor-widget-image\" data-id=\"aaf6b11\" data-element_type=\"widget\" data-widget_type=\"image.default\">\n\t\t\t\t<div class=\"elementor-widget-container\">\n\t\t\t\t\t\t\t\t\t\t\t\t<figure class=\"wp-caption\">\n\t\t\t\t\t\t\t\t\t\t\t<a href=\"https:\/\/jacekplacek.com.pl\/it\/negozio\/truskawkowe\/biszkopt-z-truskawkami-i-galaretka\/\">\n\t\t\t\t\t\t\t<img fetchpriority=\"high\" decoding=\"async\" width=\"1200\" height=\"799\" src=\"https:\/\/jacekplacek.com.pl\/wp-content\/uploads\/2022\/06\/ZDJ_0641-1360x906.jpg\" class=\"attachment-large size-large wp-image-6640\" alt=\"Pan di Spagna con crema, gelatina e fragole fresche. La pasticceria Jacek Placek \u00e8 sinonimo del gusto dei dolci fatti in casa, realizzati con prodotti naturali.\" srcset=\"https:\/\/jacekplacek.com.pl\/wp-content\/uploads\/2022\/06\/ZDJ_0641-1360x906.jpg 1360w, https:\/\/jacekplacek.com.pl\/wp-content\/uploads\/2022\/06\/ZDJ_0641-350x233.jpg 350w, https:\/\/jacekplacek.com.pl\/wp-content\/uploads\/2022\/06\/ZDJ_0641-768x512.jpg 768w, https:\/\/jacekplacek.com.pl\/wp-content\/uploads\/2022\/06\/ZDJ_0641-1536x1024.jpg 1536w, https:\/\/jacekplacek.com.pl\/wp-content\/uploads\/2022\/06\/ZDJ_0641-600x400.jpg 600w, https:\/\/jacekplacek.com.pl\/wp-content\/uploads\/2022\/06\/ZDJ_0641.jpg 2000w\" sizes=\"(max-width: 1200px) 100vw, 1200px\" \/>\t\t\t\t\t\t\t\t<\/a>\n\t\t\t\t\t\t\t\t\t\t\t<figcaption class=\"widget-image-caption wp-caption-text\">Pan di Spagna con gelatina e panna<\/figcaption>\n\t\t\t\t\t\t\t\t\t\t<\/figure>\n\t\t\t\t\t\t\t\t\t<\/div>\n\t\t\t\t<\/div>\n\t\t\t\t<\/div>\n\t\t<div class=\"elementor-element elementor-element-4f1420e e-con-full e-flex e-con e-child\" data-id=\"4f1420e\" data-element_type=\"container\" data-settings=\"{&quot;jet_parallax_layout_list&quot;:[]}\">\n\t\t\t\t<div class=\"elementor-element elementor-element-b05daef elementor-widget elementor-widget-image\" data-id=\"b05daef\" data-element_type=\"widget\" data-widget_type=\"image.default\">\n\t\t\t\t<div class=\"elementor-widget-container\">\n\t\t\t\t\t\t\t\t\t\t\t\t<figure class=\"wp-caption\">\n\t\t\t\t\t\t\t\t\t\t\t<a href=\"https:\/\/jacekplacek.com.pl\/it\/negozio\/cheesecake-tutto\/cheesecake-fredde\/sernik-na-zimno-z-truskawkami\/\">\n\t\t\t\t\t\t\t<img decoding=\"async\" width=\"1200\" height=\"799\" src=\"https:\/\/jacekplacek.com.pl\/wp-content\/uploads\/2022\/06\/ZDJ_0631-1360x906.jpg\" class=\"attachment-large size-large wp-image-6644\" alt=\"Cheesecake fredda con fragole e gelatina3. La pasticceria Jacek Placek \u00e8 sinonimo del gusto dei dolci fatti in casa, realizzati con prodotti naturali.\" srcset=\"https:\/\/jacekplacek.com.pl\/wp-content\/uploads\/2022\/06\/ZDJ_0631-1360x906.jpg 1360w, https:\/\/jacekplacek.com.pl\/wp-content\/uploads\/2022\/06\/ZDJ_0631-350x233.jpg 350w, https:\/\/jacekplacek.com.pl\/wp-content\/uploads\/2022\/06\/ZDJ_0631-768x512.jpg 768w, https:\/\/jacekplacek.com.pl\/wp-content\/uploads\/2022\/06\/ZDJ_0631-1536x1024.jpg 1536w, https:\/\/jacekplacek.com.pl\/wp-content\/uploads\/2022\/06\/ZDJ_0631-600x400.jpg 600w, https:\/\/jacekplacek.com.pl\/wp-content\/uploads\/2022\/06\/ZDJ_0631.jpg 2000w\" sizes=\"(max-width: 1200px) 100vw, 1200px\" \/>\t\t\t\t\t\t\t\t<\/a>\n\t\t\t\t\t\t\t\t\t\t\t<figcaption class=\"widget-image-caption wp-caption-text\">Cheesecake fredda con fragole<\/figcaption>\n\t\t\t\t\t\t\t\t\t\t<\/figure>\n\t\t\t\t\t\t\t\t\t<\/div>\n\t\t\t\t<\/div>\n\t\t\t\t<\/div>\n\t\t<div class=\"elementor-element elementor-element-9492617 e-con-full e-flex e-con e-child\" data-id=\"9492617\" data-element_type=\"container\" data-settings=\"{&quot;jet_parallax_layout_list&quot;:[]}\">\n\t\t\t\t<div class=\"elementor-element elementor-element-a1641e0 elementor-widget elementor-widget-image\" data-id=\"a1641e0\" data-element_type=\"widget\" data-widget_type=\"image.default\">\n\t\t\t\t<div class=\"elementor-widget-container\">\n\t\t\t\t\t\t\t\t\t\t\t\t<figure class=\"wp-caption\">\n\t\t\t\t\t\t\t\t\t\t\t<a href=\"https:\/\/jacekplacek.com.pl\/it\/negozio\/truskawkowe\/tarta-truskawkowa-mini\/\">\n\t\t\t\t\t\t\t<img decoding=\"async\" width=\"1200\" height=\"799\" src=\"https:\/\/jacekplacek.com.pl\/wp-content\/uploads\/2022\/06\/ZDJ_0617-1360x906.jpg\" class=\"attachment-large size-large wp-image-6630\" alt=\"La crostata alle fragole mini Cukiernia Jacek Placek \u00e8 sinonimo del gusto delle torte fatte in casa con prodotti naturali.\" srcset=\"https:\/\/jacekplacek.com.pl\/wp-content\/uploads\/2022\/06\/ZDJ_0617-1360x906.jpg 1360w, https:\/\/jacekplacek.com.pl\/wp-content\/uploads\/2022\/06\/ZDJ_0617-350x233.jpg 350w, https:\/\/jacekplacek.com.pl\/wp-content\/uploads\/2022\/06\/ZDJ_0617-768x512.jpg 768w, https:\/\/jacekplacek.com.pl\/wp-content\/uploads\/2022\/06\/ZDJ_0617-1536x1024.jpg 1536w, https:\/\/jacekplacek.com.pl\/wp-content\/uploads\/2022\/06\/ZDJ_0617-600x400.jpg 600w, https:\/\/jacekplacek.com.pl\/wp-content\/uploads\/2022\/06\/ZDJ_0617.jpg 2000w\" sizes=\"(max-width: 1200px) 100vw, 1200px\" \/>\t\t\t\t\t\t\t\t<\/a>\n\t\t\t\t\t\t\t\t\t\t\t<figcaption class=\"widget-image-caption wp-caption-text\">Mini crostata alle fragole con crema pasticcera<\/figcaption>\n\t\t\t\t\t\t\t\t\t\t<\/figure>\n\t\t\t\t\t\t\t\t\t<\/div>\n\t\t\t\t<\/div>\n\t\t\t\t<\/div>\n\t\t<div class=\"elementor-element elementor-element-33a92fa e-con-full e-flex e-con e-child\" data-id=\"33a92fa\" data-element_type=\"container\" data-settings=\"{&quot;jet_parallax_layout_list&quot;:[]}\">\n\t\t\t\t<div class=\"elementor-element elementor-element-f0ff93b elementor-widget elementor-widget-image\" data-id=\"f0ff93b\" data-element_type=\"widget\" data-widget_type=\"image.default\">\n\t\t\t\t<div class=\"elementor-widget-container\">\n\t\t\t\t\t\t\t\t\t\t\t\t<figure class=\"wp-caption\">\n\t\t\t\t\t\t\t\t\t\t\t<a href=\"https:\/\/jacekplacek.com.pl\/it\/negozio\/torte-alla-frutta-2\/ciasto-jogurtowe-z-truskawkami\/\">\n\t\t\t\t\t\t\t<img loading=\"lazy\" decoding=\"async\" width=\"1200\" height=\"799\" src=\"https:\/\/jacekplacek.com.pl\/wp-content\/uploads\/2022\/06\/ZDJ_0669-1360x906.jpg\" class=\"attachment-large size-large wp-image-6651\" alt=\"Torta allo yogurt con fragole. 2 La pasticceria Jacek Placek \u00e8 sinonimo del gusto dei dolci fatti in casa, realizzati con prodotti naturali.\" srcset=\"https:\/\/jacekplacek.com.pl\/wp-content\/uploads\/2022\/06\/ZDJ_0669-1360x906.jpg 1360w, https:\/\/jacekplacek.com.pl\/wp-content\/uploads\/2022\/06\/ZDJ_0669-350x233.jpg 350w, https:\/\/jacekplacek.com.pl\/wp-content\/uploads\/2022\/06\/ZDJ_0669-768x512.jpg 768w, https:\/\/jacekplacek.com.pl\/wp-content\/uploads\/2022\/06\/ZDJ_0669-1536x1024.jpg 1536w, https:\/\/jacekplacek.com.pl\/wp-content\/uploads\/2022\/06\/ZDJ_0669-600x400.jpg 600w, https:\/\/jacekplacek.com.pl\/wp-content\/uploads\/2022\/06\/ZDJ_0669.jpg 2000w\" sizes=\"(max-width: 1200px) 100vw, 1200px\" \/>\t\t\t\t\t\t\t\t<\/a>\n\t\t\t\t\t\t\t\t\t\t\t<figcaption class=\"widget-image-caption wp-caption-text\">Torta allo yogurt con fragole e cioccolato bianco<\/figcaption>\n\t\t\t\t\t\t\t\t\t\t<\/figure>\n\t\t\t\t\t\t\t\t\t<\/div>\n\t\t\t\t<\/div>\n\t\t\t\t<\/div>\n\t\t\t\t\t<\/div>\n\t\t\t\t<\/div>\n\t\t\t\t<\/div>","protected":false},"excerpt":{"rendered":"<p>Mamy pierwszy dzie\u0144 lipca \u2013 lato rozgo\u015bci\u0142o si\u0119 na dobre, a sezon na truskawki wci\u0105\u017c trwa. Teraz kupujemy do naszych ciast te najs\u0142odsze, kaszubskie, letnie owoce. Korzystamy z tego dobrodziejstwa Natury, ile si\u0119 da, produkuj\u0105c dla Was serniki na zimno, galaretki, biszkopty i mini tarty. Wszystko wype\u0142nione po brzegi \u015bwie\u017cymi, pachn\u0105cymi truskawkami. Do tych wyj\u0105tkowych, [&hellip;]<\/p>","protected":false},"author":3,"featured_media":6802,"comment_status":"closed","ping_status":"closed","sticky":false,"template":"","format":"standard","meta":{"content-type":"","footnotes":""},"categories":[1],"tags":[577,569,572,575,574,573,576,570,568,571],"class_list":["post-6976","post","type-post","status-publish","format-standard","has-post-thumbnail","hentry","category-aktualnosci","tag-biszkopt-z-galaretka-i-truskawkami","tag-ciasta-z-truskawkami","tag-ciasto-jogurtowe-z-truskawkami","tag-cukiernia-jacek-placek-gdansk-osowa","tag-cukiernia-jacek-placek-gdansk-zaspa","tag-cukiernia-jacek-placek-gowino","tag-cukiernia-jacek-placek-sopot","tag-sernik-na-zimno-z-truskawkami","tag-sezon-truskawkowy","tag-tarta-z-truskawkami","entry","has-media","owp-thumbs-layout-horizontal","owp-btn-normal","owp-tabs-layout-horizontal","has-no-thumbnails","has-product-nav"],"acf":[],"_links":{"self":[{"href":"https:\/\/jacekplacek.com.pl\/it\/wp-json\/wp\/v2\/posts\/6976","targetHints":{"allow":["GET"]}}],"collection":[{"href":"https:\/\/jacekplacek.com.pl\/it\/wp-json\/wp\/v2\/posts"}],"about":[{"href":"https:\/\/jacekplacek.com.pl\/it\/wp-json\/wp\/v2\/types\/post"}],"author":[{"embeddable":true,"href":"https:\/\/jacekplacek.com.pl\/it\/wp-json\/wp\/v2\/users\/3"}],"replies":[{"embeddable":true,"href":"https:\/\/jacekplacek.com.pl\/it\/wp-json\/wp\/v2\/comments?post=6976"}],"version-history":[{"count":0,"href":"https:\/\/jacekplacek.com.pl\/it\/wp-json\/wp\/v2\/posts\/6976\/revisions"}],"wp:featuredmedia":[{"embeddable":true,"href":"https:\/\/jacekplacek.com.pl\/it\/wp-json\/wp\/v2\/media\/6802"}],"wp:attachment":[{"href":"https:\/\/jacekplacek.com.pl\/it\/wp-json\/wp\/v2\/media?parent=6976"}],"wp:term":[{"taxonomy":"category","embeddable":true,"href":"https:\/\/jacekplacek.com.pl\/it\/wp-json\/wp\/v2\/categories?post=6976"},{"taxonomy":"post_tag","embeddable":true,"href":"https:\/\/jacekplacek.com.pl\/it\/wp-json\/wp\/v2\/tags?post=6976"}],"curies":[{"name":"wp","href":"https:\/\/api.w.org\/{rel}","templated":true}]}}