{"id":6976,"date":"2022-07-01T10:54:42","date_gmt":"2022-07-01T08:54:42","guid":{"rendered":"https:\/\/jacekplacek.com.pl\/?p=6976"},"modified":"2022-07-11T09:58:34","modified_gmt":"2022-07-11T07:58:34","slug":"mansikkakauden-huippu","status":"publish","type":"post","link":"https:\/\/jacekplacek.com.pl\/fi\/mansikkakauden-huippu\/","title":{"rendered":"T\u00e4ysi mansikkakausi"},"content":{"rendered":"<div data-elementor-type=\"wp-post\" data-elementor-id=\"6976\" class=\"elementor elementor-6976\" data-elementor-post-type=\"post\">\n\t\t\t\t\t\t<section class=\"elementor-section elementor-top-section elementor-element elementor-element-5169211b elementor-section-boxed elementor-section-height-default elementor-section-height-default\" data-id=\"5169211b\" data-element_type=\"section\" data-settings=\"{&quot;jet_parallax_layout_list&quot;:[]}\">\n\t\t\t\t\t\t<div class=\"elementor-container elementor-column-gap-default\">\n\t\t\t\t\t<div class=\"elementor-column elementor-col-100 elementor-top-column elementor-element elementor-element-32b6f60b\" data-id=\"32b6f60b\" data-element_type=\"column\">\n\t\t\t<div class=\"elementor-widget-wrap elementor-element-populated\">\n\t\t\t\t\t\t<div class=\"elementor-element elementor-element-327f145d elementor-widget elementor-widget-text-editor\" data-id=\"327f145d\" data-element_type=\"widget\" data-widget_type=\"text-editor.default\">\n\t\t\t\t<div class=\"elementor-widget-container\">\n\t\t\t\t\t\t\t\t\t<p>On hein\u00e4kuun ensimm\u00e4inen p\u00e4iv\u00e4 - kes\u00e4 on asettunut lopullisesti, ja mansikkakausi on viel\u00e4 t\u00e4ydess\u00e4 vauhdissa.<br \/>Nyt ostamme kakkuihimme makeimmat Kashubian kes\u00e4hedelm\u00e4t.<br \/>K\u00e4yt\u00e4mme t\u00e4t\u00e4 luonnon siunausta niin paljon kuin pystymme ja valmistamme sinulle kylmi\u00e4 juustokakkuja, hyytel\u00f6it\u00e4, sienikakkuja ja minitorttuja. Kaikki t\u00e4ynn\u00e4 \u00e4\u00e4ri\u00e4\u00e4n my\u00f6ten tuoreita, tuoksuvia mansikoita.<br \/>N\u00e4m\u00e4 poikkeuksellisen makeat ja hapan hedelm\u00e4t sopivat hyvin kuohkean kermavaahdon, mutta my\u00f6s kevyen vaniljakastikekerman kanssa,<br \/>joten emme s\u00e4\u00e4st\u00e4 niit\u00e4 mansikkaj\u00e4lkiruoaksi.<br \/>Suosittelemme mansikkatarjouksessamme\u00a0<strong><a href=\"https:\/\/jacekplacek.com.pl\/fi\/tallentaa\/truskawkowe\/biszkopt-z-truskawkami-i-galaretka\/\" target=\"_blank\" rel=\"noopener\">sokerikakku hyytel\u00f6ll\u00e4 ja kermalla,<\/a><\/strong> paksulla kerroksella kokonaisia mansikoita. Se on ulkon\u00e4\u00f6lt\u00e4\u00e4n hieman samanlainen, mutta konsistenssiltaan t\u00e4ysin erilainen.\u00a0<strong><a href=\"https:\/\/jacekplacek.com.pl\/fi\/tallentaa\/juustokakut-kaikki\/kylmia-juustokakkuja\/kylma-juustokakku-mansikoilla\/\" target=\"_blank\" rel=\"noopener\">kylm\u00e4 juustokakku,<\/a><\/strong> rakennettu joustavalle juustomassapohjalle, ohuelle hiekkakakun p\u00e4\u00e4lle.<br \/>Ne n\u00e4ytt\u00e4v\u00e4t eritt\u00e4in vaikuttavilta.\u00a0<strong><a href=\"https:\/\/jacekplacek.com.pl\/fi\/tallentaa\/truskawkowe\/tarta-truskawkowa-mini\/\" target=\"_blank\" rel=\"noopener\">minitorttuja tuoreilla mansikoilla,<\/a><\/strong> kerrokselle herkullista vaniljakastikekermaa \u2013 ei tarvitse leikata, niin k\u00e4tev\u00e4 annos muutamalle suupalalle...\u00a0<br \/>Kausiversiomme on mielenkiintoinen yhdistelm\u00e4 kuohkeaa, kosteaa kakkua mansikoiden kanssa.\u00a0<strong><a href=\"https:\/\/jacekplacek.com.pl\/fi\/tallentaa\/hedelma-kakkuja\/ciasto-jogurtowe-z-truskawkami\/\" target=\"_blank\" rel=\"noopener\">jogurttikakku<\/a><\/strong> valkosuklaakuorruteella, jota tarjoamme pysyv\u00e4sti ja leivomme Kamt\u0161atkan marjoja lis\u00e4ten.\u00a0<br \/>Suosittelemme kokeilemaan mansikkaehdotuksemme, kun niit\u00e4 on viel\u00e4 saatavilla!<\/p><p><strong><a href=\"https:\/\/jacekplacek.com.pl\/fi\/tuotekategoria\/truskawkowe\/\" target=\"_blank\" rel=\"noopener\">Mansikkakakkuja Jacek Placek Confectioneryssa<\/a><\/strong><\/p>\t\t\t\t\t\t\t\t<\/div>\n\t\t\t\t<\/div>\n\t\t\t\t\t<\/div>\n\t\t<\/div>\n\t\t\t\t\t<\/div>\n\t\t<\/section>\n\t\t<div class=\"elementor-element elementor-element-5b834f4 e-flex e-con-boxed e-con e-parent\" data-id=\"5b834f4\" data-element_type=\"container\" data-settings=\"{&quot;jet_parallax_layout_list&quot;:[]}\">\n\t\t\t\t\t<div class=\"e-con-inner\">\n\t\t<div class=\"elementor-element elementor-element-1c3b89e e-con-full e-flex e-con e-child\" data-id=\"1c3b89e\" data-element_type=\"container\" data-settings=\"{&quot;jet_parallax_layout_list&quot;:[]}\">\n\t\t\t\t<div class=\"elementor-element elementor-element-aaf6b11 elementor-widget elementor-widget-image\" data-id=\"aaf6b11\" data-element_type=\"widget\" data-widget_type=\"image.default\">\n\t\t\t\t<div class=\"elementor-widget-container\">\n\t\t\t\t\t\t\t\t\t\t\t\t<figure class=\"wp-caption\">\n\t\t\t\t\t\t\t\t\t\t\t<a href=\"https:\/\/jacekplacek.com.pl\/fi\/tallentaa\/truskawkowe\/biszkopt-z-truskawkami-i-galaretka\/\">\n\t\t\t\t\t\t\t<img fetchpriority=\"high\" decoding=\"async\" width=\"1200\" height=\"799\" src=\"https:\/\/jacekplacek.com.pl\/wp-content\/uploads\/2022\/06\/ZDJ_0641-1360x906.jpg\" class=\"attachment-large size-large wp-image-6640\" alt=\"Sumukakku kermalla, hyytel\u00f6ll\u00e4 ja tuoreilla mansikoilla. Jacek Placek Confectionery on synonyymi luonnollisista tuotteista valmistettujen kotitekoisten kakkujen maulle.\" srcset=\"https:\/\/jacekplacek.com.pl\/wp-content\/uploads\/2022\/06\/ZDJ_0641-1360x906.jpg 1360w, https:\/\/jacekplacek.com.pl\/wp-content\/uploads\/2022\/06\/ZDJ_0641-350x233.jpg 350w, https:\/\/jacekplacek.com.pl\/wp-content\/uploads\/2022\/06\/ZDJ_0641-768x512.jpg 768w, https:\/\/jacekplacek.com.pl\/wp-content\/uploads\/2022\/06\/ZDJ_0641-1536x1024.jpg 1536w, https:\/\/jacekplacek.com.pl\/wp-content\/uploads\/2022\/06\/ZDJ_0641-600x400.jpg 600w, https:\/\/jacekplacek.com.pl\/wp-content\/uploads\/2022\/06\/ZDJ_0641.jpg 2000w\" sizes=\"(max-width: 1200px) 100vw, 1200px\" \/>\t\t\t\t\t\t\t\t<\/a>\n\t\t\t\t\t\t\t\t\t\t\t<figcaption class=\"widget-image-caption wp-caption-text\">Sumukakku hyytel\u00f6ll\u00e4 ja kermalla<\/figcaption>\n\t\t\t\t\t\t\t\t\t\t<\/figure>\n\t\t\t\t\t\t\t\t\t<\/div>\n\t\t\t\t<\/div>\n\t\t\t\t<\/div>\n\t\t<div class=\"elementor-element elementor-element-4f1420e e-con-full e-flex e-con e-child\" data-id=\"4f1420e\" data-element_type=\"container\" data-settings=\"{&quot;jet_parallax_layout_list&quot;:[]}\">\n\t\t\t\t<div class=\"elementor-element elementor-element-b05daef elementor-widget elementor-widget-image\" data-id=\"b05daef\" data-element_type=\"widget\" data-widget_type=\"image.default\">\n\t\t\t\t<div class=\"elementor-widget-container\">\n\t\t\t\t\t\t\t\t\t\t\t\t<figure class=\"wp-caption\">\n\t\t\t\t\t\t\t\t\t\t\t<a href=\"https:\/\/jacekplacek.com.pl\/fi\/tallentaa\/juustokakut-kaikki\/kylmia-juustokakkuja\/kylma-juustokakku-mansikoilla\/\">\n\t\t\t\t\t\t\t<img decoding=\"async\" width=\"1200\" height=\"799\" src=\"https:\/\/jacekplacek.com.pl\/wp-content\/uploads\/2022\/06\/ZDJ_0631-1360x906.jpg\" class=\"attachment-large size-large wp-image-6644\" alt=\"Kylm\u00e4 juustokakku mansikoilla ja hyytel\u00f6ll\u00e43. Jacek Placek Confectionery on synonyymi luonnollisista tuotteista valmistettujen kotitekoisten kakkujen maulle.\" srcset=\"https:\/\/jacekplacek.com.pl\/wp-content\/uploads\/2022\/06\/ZDJ_0631-1360x906.jpg 1360w, https:\/\/jacekplacek.com.pl\/wp-content\/uploads\/2022\/06\/ZDJ_0631-350x233.jpg 350w, https:\/\/jacekplacek.com.pl\/wp-content\/uploads\/2022\/06\/ZDJ_0631-768x512.jpg 768w, https:\/\/jacekplacek.com.pl\/wp-content\/uploads\/2022\/06\/ZDJ_0631-1536x1024.jpg 1536w, https:\/\/jacekplacek.com.pl\/wp-content\/uploads\/2022\/06\/ZDJ_0631-600x400.jpg 600w, https:\/\/jacekplacek.com.pl\/wp-content\/uploads\/2022\/06\/ZDJ_0631.jpg 2000w\" sizes=\"(max-width: 1200px) 100vw, 1200px\" \/>\t\t\t\t\t\t\t\t<\/a>\n\t\t\t\t\t\t\t\t\t\t\t<figcaption class=\"widget-image-caption wp-caption-text\">Kylm\u00e4 juustokakku mansikoilla<\/figcaption>\n\t\t\t\t\t\t\t\t\t\t<\/figure>\n\t\t\t\t\t\t\t\t\t<\/div>\n\t\t\t\t<\/div>\n\t\t\t\t<\/div>\n\t\t<div class=\"elementor-element elementor-element-9492617 e-con-full e-flex e-con e-child\" data-id=\"9492617\" data-element_type=\"container\" data-settings=\"{&quot;jet_parallax_layout_list&quot;:[]}\">\n\t\t\t\t<div class=\"elementor-element elementor-element-a1641e0 elementor-widget elementor-widget-image\" data-id=\"a1641e0\" data-element_type=\"widget\" data-widget_type=\"image.default\">\n\t\t\t\t<div class=\"elementor-widget-container\">\n\t\t\t\t\t\t\t\t\t\t\t\t<figure class=\"wp-caption\">\n\t\t\t\t\t\t\t\t\t\t\t<a href=\"https:\/\/jacekplacek.com.pl\/fi\/tallentaa\/truskawkowe\/tarta-truskawkowa-mini\/\">\n\t\t\t\t\t\t\t<img decoding=\"async\" width=\"1200\" height=\"799\" src=\"https:\/\/jacekplacek.com.pl\/wp-content\/uploads\/2022\/06\/ZDJ_0617-1360x906.jpg\" class=\"attachment-large size-large wp-image-6630\" alt=\"mansikkatorttu mini Cukiernia Jacek Placek on synonyymi luonnollisista tuotteista valmistettujen kotitekoisten kakkujen maulle.\" srcset=\"https:\/\/jacekplacek.com.pl\/wp-content\/uploads\/2022\/06\/ZDJ_0617-1360x906.jpg 1360w, https:\/\/jacekplacek.com.pl\/wp-content\/uploads\/2022\/06\/ZDJ_0617-350x233.jpg 350w, https:\/\/jacekplacek.com.pl\/wp-content\/uploads\/2022\/06\/ZDJ_0617-768x512.jpg 768w, https:\/\/jacekplacek.com.pl\/wp-content\/uploads\/2022\/06\/ZDJ_0617-1536x1024.jpg 1536w, https:\/\/jacekplacek.com.pl\/wp-content\/uploads\/2022\/06\/ZDJ_0617-600x400.jpg 600w, https:\/\/jacekplacek.com.pl\/wp-content\/uploads\/2022\/06\/ZDJ_0617.jpg 2000w\" sizes=\"(max-width: 1200px) 100vw, 1200px\" \/>\t\t\t\t\t\t\t\t<\/a>\n\t\t\t\t\t\t\t\t\t\t\t<figcaption class=\"widget-image-caption wp-caption-text\">Minimansikkatorttu vaniljakastikekerman kera<\/figcaption>\n\t\t\t\t\t\t\t\t\t\t<\/figure>\n\t\t\t\t\t\t\t\t\t<\/div>\n\t\t\t\t<\/div>\n\t\t\t\t<\/div>\n\t\t<div class=\"elementor-element elementor-element-33a92fa e-con-full e-flex e-con e-child\" data-id=\"33a92fa\" data-element_type=\"container\" data-settings=\"{&quot;jet_parallax_layout_list&quot;:[]}\">\n\t\t\t\t<div class=\"elementor-element elementor-element-f0ff93b elementor-widget elementor-widget-image\" data-id=\"f0ff93b\" data-element_type=\"widget\" data-widget_type=\"image.default\">\n\t\t\t\t<div class=\"elementor-widget-container\">\n\t\t\t\t\t\t\t\t\t\t\t\t<figure class=\"wp-caption\">\n\t\t\t\t\t\t\t\t\t\t\t<a href=\"https:\/\/jacekplacek.com.pl\/fi\/tallentaa\/hedelma-kakkuja\/ciasto-jogurtowe-z-truskawkami\/\">\n\t\t\t\t\t\t\t<img loading=\"lazy\" decoding=\"async\" width=\"1200\" height=\"799\" src=\"https:\/\/jacekplacek.com.pl\/wp-content\/uploads\/2022\/06\/ZDJ_0669-1360x906.jpg\" class=\"attachment-large size-large wp-image-6651\" alt=\"Jogurttikakku mansikoilla. 2 Jacek Placek Makeiset ovat synonyymi luonnontuotteista valmistettujen kotitekoisten kakkujen makuun.\" srcset=\"https:\/\/jacekplacek.com.pl\/wp-content\/uploads\/2022\/06\/ZDJ_0669-1360x906.jpg 1360w, https:\/\/jacekplacek.com.pl\/wp-content\/uploads\/2022\/06\/ZDJ_0669-350x233.jpg 350w, https:\/\/jacekplacek.com.pl\/wp-content\/uploads\/2022\/06\/ZDJ_0669-768x512.jpg 768w, https:\/\/jacekplacek.com.pl\/wp-content\/uploads\/2022\/06\/ZDJ_0669-1536x1024.jpg 1536w, https:\/\/jacekplacek.com.pl\/wp-content\/uploads\/2022\/06\/ZDJ_0669-600x400.jpg 600w, https:\/\/jacekplacek.com.pl\/wp-content\/uploads\/2022\/06\/ZDJ_0669.jpg 2000w\" sizes=\"(max-width: 1200px) 100vw, 1200px\" \/>\t\t\t\t\t\t\t\t<\/a>\n\t\t\t\t\t\t\t\t\t\t\t<figcaption class=\"widget-image-caption wp-caption-text\">Jogurttikakku mansikoilla ja valkosuklaalla<\/figcaption>\n\t\t\t\t\t\t\t\t\t\t<\/figure>\n\t\t\t\t\t\t\t\t\t<\/div>\n\t\t\t\t<\/div>\n\t\t\t\t<\/div>\n\t\t\t\t\t<\/div>\n\t\t\t\t<\/div>\n\t\t\t\t<\/div>","protected":false},"excerpt":{"rendered":"<p>Mamy pierwszy dzie\u0144 lipca \u2013 lato rozgo\u015bci\u0142o si\u0119 na dobre, a sezon na truskawki wci\u0105\u017c trwa. Teraz kupujemy do naszych ciast te najs\u0142odsze, kaszubskie, letnie owoce. Korzystamy z tego dobrodziejstwa Natury, ile si\u0119 da, produkuj\u0105c dla Was serniki na zimno, galaretki, biszkopty i mini tarty. Wszystko wype\u0142nione po brzegi \u015bwie\u017cymi, pachn\u0105cymi truskawkami. Do tych wyj\u0105tkowych, [&hellip;]<\/p>","protected":false},"author":3,"featured_media":6802,"comment_status":"closed","ping_status":"closed","sticky":false,"template":"","format":"standard","meta":{"content-type":"","footnotes":""},"categories":[1],"tags":[577,569,572,575,574,573,576,570,568,571],"class_list":["post-6976","post","type-post","status-publish","format-standard","has-post-thumbnail","hentry","category-aktualnosci","tag-biszkopt-z-galaretka-i-truskawkami","tag-ciasta-z-truskawkami","tag-ciasto-jogurtowe-z-truskawkami","tag-cukiernia-jacek-placek-gdansk-osowa","tag-cukiernia-jacek-placek-gdansk-zaspa","tag-cukiernia-jacek-placek-gowino","tag-cukiernia-jacek-placek-sopot","tag-sernik-na-zimno-z-truskawkami","tag-sezon-truskawkowy","tag-tarta-z-truskawkami","entry","has-media","owp-thumbs-layout-horizontal","owp-btn-normal","owp-tabs-layout-horizontal","has-no-thumbnails","has-product-nav"],"acf":[],"_links":{"self":[{"href":"https:\/\/jacekplacek.com.pl\/fi\/wp-json\/wp\/v2\/posts\/6976","targetHints":{"allow":["GET"]}}],"collection":[{"href":"https:\/\/jacekplacek.com.pl\/fi\/wp-json\/wp\/v2\/posts"}],"about":[{"href":"https:\/\/jacekplacek.com.pl\/fi\/wp-json\/wp\/v2\/types\/post"}],"author":[{"embeddable":true,"href":"https:\/\/jacekplacek.com.pl\/fi\/wp-json\/wp\/v2\/users\/3"}],"replies":[{"embeddable":true,"href":"https:\/\/jacekplacek.com.pl\/fi\/wp-json\/wp\/v2\/comments?post=6976"}],"version-history":[{"count":0,"href":"https:\/\/jacekplacek.com.pl\/fi\/wp-json\/wp\/v2\/posts\/6976\/revisions"}],"wp:featuredmedia":[{"embeddable":true,"href":"https:\/\/jacekplacek.com.pl\/fi\/wp-json\/wp\/v2\/media\/6802"}],"wp:attachment":[{"href":"https:\/\/jacekplacek.com.pl\/fi\/wp-json\/wp\/v2\/media?parent=6976"}],"wp:term":[{"taxonomy":"category","embeddable":true,"href":"https:\/\/jacekplacek.com.pl\/fi\/wp-json\/wp\/v2\/categories?post=6976"},{"taxonomy":"post_tag","embeddable":true,"href":"https:\/\/jacekplacek.com.pl\/fi\/wp-json\/wp\/v2\/tags?post=6976"}],"curies":[{"name":"wp","href":"https:\/\/api.w.org\/{rel}","templated":true}]}}