{"id":8512,"date":"2023-03-01T11:21:01","date_gmt":"2023-03-01T10:21:01","guid":{"rendered":"https:\/\/jacekplacek.com.pl\/?p=8512"},"modified":"2023-04-19T11:20:11","modified_gmt":"2023-04-19T09:20:11","slug":"cumpleanos-en-el-trabajo","status":"publish","type":"post","link":"https:\/\/jacekplacek.com.pl\/es\/cumpleanos-en-el-trabajo\/","title":{"rendered":"Cumplea\u00f1os en el trabajo - un dulce regalo"},"content":{"rendered":"<p><span style=\"font-weight: 400\">La costumbre de festejar un cumplea\u00f1os se cultiva no solo en el \u00e1mbito familiar, sino tambi\u00e9n junto a los compa\u00f1eros de trabajo. Pasamos bastante tiempo con ellos todos los d\u00edas, por lo que vale la pena cuidarse de celebrar sus vacaciones de manera adecuada tambi\u00e9n en el lugar de trabajo. Para esta ocasi\u00f3n, definitivamente deber\u00edamos pedir un dulce. \u00bfCu\u00e1l es la mejor tarta de cumplea\u00f1os para el trabajo? \u00bfO tal vez usar la opci\u00f3n de entrega local?<\/span><\/p>\n<figure id=\"attachment_6508\" aria-describedby=\"caption-attachment-6508\" style=\"width: 350px\" class=\"wp-caption alignright\"><a href=\"https:\/\/jacekplacek.com.pl\/es\/almacenar\/pasteles-pasteles\/tort-krem-maslany\/pastel-de-nuez\/\"><img fetchpriority=\"high\" decoding=\"async\" class=\"wp-image-6508 size-medium\" src=\"https:\/\/jacekplacek.com.pl\/wp-content\/uploads\/2022\/06\/2020-10-19-2020-10-19-tort-orzechowy-002-350x233.jpg\" alt=\"Tarta de nueces La confiter\u00eda Jacek Placek es sin\u00f3nimo del sabor de las tartas caseras elaboradas con productos naturales. Bizcocho de nuez, crema de chocolate, crema de lim\u00f3n, halva y nueces. \" width=\"350\" height=\"233\" srcset=\"https:\/\/jacekplacek.com.pl\/wp-content\/uploads\/2022\/06\/2020-10-19-2020-10-19-tort-orzechowy-002-350x233.jpg 350w, https:\/\/jacekplacek.com.pl\/wp-content\/uploads\/2022\/06\/2020-10-19-2020-10-19-tort-orzechowy-002-1360x907.jpg 1360w, https:\/\/jacekplacek.com.pl\/wp-content\/uploads\/2022\/06\/2020-10-19-2020-10-19-tort-orzechowy-002-768x512.jpg 768w, https:\/\/jacekplacek.com.pl\/wp-content\/uploads\/2022\/06\/2020-10-19-2020-10-19-tort-orzechowy-002-600x400.jpg 600w, https:\/\/jacekplacek.com.pl\/wp-content\/uploads\/2022\/06\/2020-10-19-2020-10-19-tort-orzechowy-002.jpg 1500w\" sizes=\"(max-width: 350px) 100vw, 350px\" \/><\/a><figcaption id=\"caption-attachment-6508\" class=\"wp-caption-text\">Tarta de nuez - Confiter\u00eda Jacek Placek<\/figcaption><\/figure>\n<h2><b>\u00bfC\u00f3mo celebrar tu cumplea\u00f1os con compa\u00f1eros de trabajo?<\/b><\/h2>\n<p><span style=\"font-weight: 400\">Celebrar un cumplea\u00f1os en el trabajo se puede hacer de muchas maneras diferentes, todo depende de la pr\u00e1ctica adoptada en una empresa determinada y de las preferencias personales del cumplea\u00f1ero. Podemos dejar una dulce sorpresa en la cocina o en la sala social, pasear por la oficina y tratar a nuestros compa\u00f1eros en persona o invitarlos a la sala de conferencias a una hora determinada para tomar un pastel y un caf\u00e9. Otra opci\u00f3n es salir juntos a un pub despu\u00e9s del trabajo.\u00a0<\/span><\/p>\n<p>&nbsp;<\/p>\n<h2><b>\u00bfQu\u00e9 pastel de cumplea\u00f1os para el trabajo?<\/b><\/h2>\n<p><span style=\"font-weight: 400\">Preparar un pastel de cumplea\u00f1os es una necesidad absoluta. Sin embargo, \u00bfcu\u00e1l de los pasteles ser\u00e1 el mejor para esta ocasi\u00f3n de trabajo? Hay varios factores a considerar al elegir el pastel correcto, como si es f\u00e1cil de cortar y dividir en porciones suficientes, si necesita refrigeraci\u00f3n o si contiene ingredientes alerg\u00e9nicos que podr\u00edan ser da\u00f1inos para algunos compa\u00f1eros de trabajo. Todas estas dudas ser\u00e1n respondidas por los empleados de la confiter\u00eda, y tambi\u00e9n te ayudar\u00e1n a realizar un pedido de las distintas especialidades que se ofrecen. Adem\u00e1s, es posible pedir un pastel ya cortado.\u00a0<\/span><\/p>\n<figure id=\"attachment_5573\" aria-describedby=\"caption-attachment-5573\" style=\"width: 350px\" class=\"wp-caption alignleft\"><a href=\"https:\/\/jacekplacek.com.pl\/es\/categoria-de-producto\/pasteles-de-queso-todos\/tartas-de-queso\/\"><img decoding=\"async\" class=\"wp-image-5573 size-medium\" src=\"https:\/\/jacekplacek.com.pl\/wp-content\/uploads\/2022\/05\/ZDJ_0358-350x233.jpg\" alt=\"tartas caseras Confiter\u00eda Jacek Placek es sin\u00f3nimo del sabor de las tartas caseras elaboradas con productos naturales. tarta de manzana, tarta de queso, izaura, tarta de yogur con grosellas, Tri-City, tartas cortadas, servicio a domicilio, delivery \" width=\"350\" height=\"233\" srcset=\"https:\/\/jacekplacek.com.pl\/wp-content\/uploads\/2022\/05\/ZDJ_0358-350x233.jpg 350w, https:\/\/jacekplacek.com.pl\/wp-content\/uploads\/2022\/05\/ZDJ_0358-1360x906.jpg 1360w, https:\/\/jacekplacek.com.pl\/wp-content\/uploads\/2022\/05\/ZDJ_0358-768x512.jpg 768w, https:\/\/jacekplacek.com.pl\/wp-content\/uploads\/2022\/05\/ZDJ_0358-1536x1024.jpg 1536w, https:\/\/jacekplacek.com.pl\/wp-content\/uploads\/2022\/05\/ZDJ_0358-600x400.jpg 600w, https:\/\/jacekplacek.com.pl\/wp-content\/uploads\/2022\/05\/ZDJ_0358.jpg 2000w\" sizes=\"(max-width: 350px) 100vw, 350px\" \/><\/a><figcaption id=\"caption-attachment-5573\" class=\"wp-caption-text\">Tarta de queso, tarta de manzana, Izaura, tarta de yogur con grosellas - Confiter\u00eda Jacek Placek<\/figcaption><\/figure>\n<h2><b>Pastel de cumplea\u00f1os con entrega\u00a0<\/b><\/h2>\n<p><span style=\"font-weight: 400\">Tambi\u00e9n est\u00e1 el tema del transporte de la masa al lugar de trabajo, que en algunas situaciones puede resultar problem\u00e1tico, por ejemplo cuando no tenemos coche. Respondiendo a las necesidades de nuestros clientes, en nuestro \u21d2 <\/span><span style=\"color: #3366ff\"><strong><a style=\"color: #3366ff\" href=\"https:\/\/jacekplacek.com.pl\/es\">pasteler\u00eda<\/a><\/strong><\/span><span style=\"font-weight: 400\"> ofrecemos la opci\u00f3n de encargar tartas con entrega en la direcci\u00f3n indicada: a la empresa, domicilio, restaurante, etc. Gracias a esto, podemos estar seguros de que nuestro regalo de cumplea\u00f1os llegar\u00e1 a tiempo a la oficina y no se deformar\u00e1 en el camino .<\/span><\/p>\n<p><span style=\"color: #3366ff\"><strong><a style=\"color: #3366ff\" href=\"https:\/\/jacekplacek.com.pl\/es\">Tiendas de la empresa Jacek Placek<\/a><\/strong><\/span><span style=\"font-weight: 400\"> ofrecemos una amplia gama de tortas para toda ocasi\u00f3n, con entrega al cliente. Para tu cumplea\u00f1os puedes elegir:<\/span><\/p>\n<h3><span style=\"font-weight: 400\"> tarta tradicional en varias variantes de sabor, o una tarta m\u00e1s universal como la tarta de queso, la sidra, la tarta de frutas y muchas otras. <\/span><\/h3>\n<p><span style=\"font-weight: 400\">La ventaja de los pasteles horneados es que son f\u00e1ciles de almacenar, ya que no requieren refrigeraci\u00f3n. <\/span><\/p>\n<p><span style=\"font-weight: 400\">\u00a1Te invitamos!<\/span><\/p>","protected":false},"excerpt":{"rendered":"<p>Zwyczaj obchodzenia urodzin jest kultywowany nie tylko w gronie rodzinnym, ale tak\u017ce wsp\u00f3lnie z kolegami i kole\u017cankami z pracy. Na co dzie\u0144 sp\u0119dzamy z nimi do\u015b\u0107 du\u017co czasu, dlatego warto zadba\u0107 o to, aby w odpowiedni spos\u00f3b uczci\u0107 swoje \u015bwi\u0119to r\u00f3wnie\u017c w miejscu zatrudnienia. Na t\u0119 okazj\u0119 na pewno powinni\u015bmy zam\u00f3wi\u0107 s\u0142odki pocz\u0119stunek. Jakie ciasto [&hellip;]<\/p>","protected":false},"author":129,"featured_media":7460,"comment_status":"closed","ping_status":"closed","sticky":false,"template":"","format":"standard","meta":{"content-type":"","footnotes":""},"categories":[1],"tags":[],"class_list":["post-8512","post","type-post","status-publish","format-standard","has-post-thumbnail","hentry","category-aktualnosci","entry","has-media","owp-thumbs-layout-horizontal","owp-btn-normal","owp-tabs-layout-horizontal","has-no-thumbnails","has-product-nav"],"acf":[],"_links":{"self":[{"href":"https:\/\/jacekplacek.com.pl\/es\/wp-json\/wp\/v2\/posts\/8512","targetHints":{"allow":["GET"]}}],"collection":[{"href":"https:\/\/jacekplacek.com.pl\/es\/wp-json\/wp\/v2\/posts"}],"about":[{"href":"https:\/\/jacekplacek.com.pl\/es\/wp-json\/wp\/v2\/types\/post"}],"author":[{"embeddable":true,"href":"https:\/\/jacekplacek.com.pl\/es\/wp-json\/wp\/v2\/users\/129"}],"replies":[{"embeddable":true,"href":"https:\/\/jacekplacek.com.pl\/es\/wp-json\/wp\/v2\/comments?post=8512"}],"version-history":[{"count":0,"href":"https:\/\/jacekplacek.com.pl\/es\/wp-json\/wp\/v2\/posts\/8512\/revisions"}],"wp:featuredmedia":[{"embeddable":true,"href":"https:\/\/jacekplacek.com.pl\/es\/wp-json\/wp\/v2\/media\/7460"}],"wp:attachment":[{"href":"https:\/\/jacekplacek.com.pl\/es\/wp-json\/wp\/v2\/media?parent=8512"}],"wp:term":[{"taxonomy":"category","embeddable":true,"href":"https:\/\/jacekplacek.com.pl\/es\/wp-json\/wp\/v2\/categories?post=8512"},{"taxonomy":"post_tag","embeddable":true,"href":"https:\/\/jacekplacek.com.pl\/es\/wp-json\/wp\/v2\/tags?post=8512"}],"curies":[{"name":"wp","href":"https:\/\/api.w.org\/{rel}","templated":true}]}}