{"id":7397,"date":"2022-08-25T14:40:11","date_gmt":"2022-08-25T12:40:11","guid":{"rendered":"https:\/\/jacekplacek.com.pl\/?p=7397"},"modified":"2022-08-29T13:59:35","modified_gmt":"2022-08-29T11:59:35","slug":"que-es-el-pastel-jacek","status":"publish","type":"post","link":"https:\/\/jacekplacek.com.pl\/es\/que-es-el-pastel-jacek\/","title":{"rendered":"\u00bfQu\u00e9 es Jacek Placek?"},"content":{"rendered":"<div data-elementor-type=\"wp-post\" data-elementor-id=\"7397\" class=\"elementor elementor-7397\" data-elementor-post-type=\"post\">\n\t\t\t\t\t\t<section class=\"elementor-section elementor-top-section elementor-element elementor-element-6568818b elementor-section-boxed elementor-section-height-default elementor-section-height-default\" data-id=\"6568818b\" data-element_type=\"section\" data-settings=\"{&quot;jet_parallax_layout_list&quot;:[]}\">\n\t\t\t\t\t\t<div class=\"elementor-container elementor-column-gap-default\">\n\t\t\t\t\t<div class=\"elementor-column elementor-col-100 elementor-top-column elementor-element elementor-element-d884e66\" data-id=\"d884e66\" data-element_type=\"column\">\n\t\t\t<div class=\"elementor-widget-wrap elementor-element-populated\">\n\t\t\t\t\t\t<div class=\"elementor-element elementor-element-8e46a70 elementor-widget elementor-widget-text-editor\" data-id=\"8e46a70\" data-element_type=\"widget\" data-widget_type=\"text-editor.default\">\n\t\t\t\t<div class=\"elementor-widget-container\">\n\t\t\t\t\t\t\t\t\t<span style=\"font-weight: 400\">Jacek Placek es una pasteler\u00eda familiar que produce productos horneados dulces desde hace m\u00e1s de un cuarto de siglo, que conservan su sabor \u00fanico y casero gracias a ingredientes naturales y recetas mejoradas a lo largo de generaciones. Nuestros pasteles huelen y saben &quot;como antes&quot;.<\/span><span style=\"font-weight: 400\">Por eso en nuestra f\u00e1brica todav\u00eda utilizamos (y pretendemos utilizar) huevos, mantequilla, nata y mermeladas caseras de verdad.<\/span>\n<span style=\"font-weight: 400\"><br>Dejamos a los artistas los experimentos con sabores y decoraciones de moda, nos centramos en la artesan\u00eda confiable de la reposter\u00eda.<\/span>\n\n<span style=\"font-weight: 400\"><br>Nuestros productos horneados se basan en recetas de la cocina familiar, que han sido perfeccionadas y enriquecidas con nuevos ingredientes y tecnolog\u00edas durante tres generaciones.<\/span>\n\n<span style=\"font-weight: 400\">Las l\u00edneas de producci\u00f3n modernizadas y el uso de instalaciones t\u00e9cnicas permiten a nuestro equipo satisfacer las expectativas de los exigentes clientes de hoy, que son tanto clientes mayoristas de la industria o tiendas HoReCa, como todos los amantes de las galletas que realizan pedidos en nuestra tienda online y compran productos de confiter\u00eda de empresa. .<\/span>\t\t\t\t\t\t\t\t<\/div>\n\t\t\t\t<\/div>\n\t\t\t\t\t<\/div>\n\t\t<\/div>\n\t\t\t\t\t<\/div>\n\t\t<\/section>\n\t\t\t\t<section class=\"elementor-section elementor-top-section elementor-element elementor-element-85597ea elementor-section-boxed elementor-section-height-default elementor-section-height-default\" data-id=\"85597ea\" data-element_type=\"section\" data-settings=\"{&quot;jet_parallax_layout_list&quot;:[]}\">\n\t\t\t\t\t\t<div class=\"elementor-container elementor-column-gap-default\">\n\t\t\t\t\t<div class=\"elementor-column elementor-col-100 elementor-top-column elementor-element elementor-element-d97e755\" data-id=\"d97e755\" data-element_type=\"column\">\n\t\t\t<div class=\"elementor-widget-wrap\">\n\t\t\t\t\t\t\t<\/div>\n\t\t<\/div>\n\t\t\t\t\t<\/div>\n\t\t<\/section>\n\t\t<div class=\"elementor-element elementor-element-b5b5ee4 e-flex e-con-boxed e-con e-parent\" data-id=\"b5b5ee4\" data-element_type=\"container\" data-settings=\"{&quot;jet_parallax_layout_list&quot;:[]}\">\n\t\t\t\t\t<div class=\"e-con-inner\">\n\t\t<div class=\"elementor-element elementor-element-38559c1 e-con-full e-flex e-con e-child\" data-id=\"38559c1\" data-element_type=\"container\" data-settings=\"{&quot;jet_parallax_layout_list&quot;:[]}\">\n\t\t\t\t<div class=\"elementor-element elementor-element-c12ffc7 elementor-widget elementor-widget-image\" data-id=\"c12ffc7\" data-element_type=\"widget\" data-widget_type=\"image.default\">\n\t\t\t\t<div class=\"elementor-widget-container\">\n\t\t\t\t\t\t\t\t\t\t\t\t\t\t\t<img fetchpriority=\"high\" decoding=\"async\" width=\"1200\" height=\"799\" src=\"https:\/\/jacekplacek.com.pl\/wp-content\/uploads\/2022\/06\/ZDJ_0358-1360x906.jpg\" class=\"attachment-large size-large wp-image-6735\" alt=\"tartas para comuni\u00f3n La reposter\u00eda Jacek Placek es sin\u00f3nimo del sabor de las tartas caseras elaboradas con productos naturales.\" srcset=\"https:\/\/jacekplacek.com.pl\/wp-content\/uploads\/2022\/06\/ZDJ_0358-1360x906.jpg 1360w, https:\/\/jacekplacek.com.pl\/wp-content\/uploads\/2022\/06\/ZDJ_0358-350x233.jpg 350w, https:\/\/jacekplacek.com.pl\/wp-content\/uploads\/2022\/06\/ZDJ_0358-768x512.jpg 768w, https:\/\/jacekplacek.com.pl\/wp-content\/uploads\/2022\/06\/ZDJ_0358-1536x1024.jpg 1536w, https:\/\/jacekplacek.com.pl\/wp-content\/uploads\/2022\/06\/ZDJ_0358-600x400.jpg 600w, https:\/\/jacekplacek.com.pl\/wp-content\/uploads\/2022\/06\/ZDJ_0358.jpg 2000w\" sizes=\"(max-width: 1200px) 100vw, 1200px\" \/>\t\t\t\t\t\t\t\t\t\t\t\t\t\t\t<\/div>\n\t\t\t\t<\/div>\n\t\t\t\t<\/div>\n\t\t<div class=\"elementor-element elementor-element-ebe3472 e-con-full e-flex e-con e-child\" data-id=\"ebe3472\" data-element_type=\"container\" data-settings=\"{&quot;jet_parallax_layout_list&quot;:[]}\">\n\t\t\t\t<div class=\"elementor-element elementor-element-a8f9d72 elementor-widget elementor-widget-image\" data-id=\"a8f9d72\" data-element_type=\"widget\" data-widget_type=\"image.default\">\n\t\t\t\t<div class=\"elementor-widget-container\">\n\t\t\t\t\t\t\t\t\t\t\t\t\t\t\t<img decoding=\"async\" width=\"1200\" height=\"799\" src=\"https:\/\/jacekplacek.com.pl\/wp-content\/uploads\/2022\/07\/MG_2307-1360x906.jpg\" class=\"attachment-large size-large wp-image-7263\" alt=\"serniki 1 Confiter\u00eda Jacek Placek es sin\u00f3nimo del sabor de los pasteles caseros elaborados con productos naturales.\" srcset=\"https:\/\/jacekplacek.com.pl\/wp-content\/uploads\/2022\/07\/MG_2307-1360x906.jpg 1360w, https:\/\/jacekplacek.com.pl\/wp-content\/uploads\/2022\/07\/MG_2307-350x233.jpg 350w, https:\/\/jacekplacek.com.pl\/wp-content\/uploads\/2022\/07\/MG_2307-768x512.jpg 768w, https:\/\/jacekplacek.com.pl\/wp-content\/uploads\/2022\/07\/MG_2307-1536x1024.jpg 1536w, https:\/\/jacekplacek.com.pl\/wp-content\/uploads\/2022\/07\/MG_2307-600x400.jpg 600w, https:\/\/jacekplacek.com.pl\/wp-content\/uploads\/2022\/07\/MG_2307.jpg 2000w\" sizes=\"(max-width: 1200px) 100vw, 1200px\" \/>\t\t\t\t\t\t\t\t\t\t\t\t\t\t\t<\/div>\n\t\t\t\t<\/div>\n\t\t\t\t<\/div>\n\t\t\t\t\t<\/div>\n\t\t\t\t<\/div>\n\t\t<div class=\"elementor-element elementor-element-b7ce37f e-flex e-con-boxed e-con e-parent\" data-id=\"b7ce37f\" data-element_type=\"container\" data-settings=\"{&quot;jet_parallax_layout_list&quot;:[]}\">\n\t\t\t\t\t<div class=\"e-con-inner\">\n\t\t\t\t<div class=\"elementor-element elementor-element-107f492 elementor-widget elementor-widget-text-editor\" data-id=\"107f492\" data-element_type=\"widget\" data-widget_type=\"text-editor.default\">\n\t\t\t\t<div class=\"elementor-widget-container\">\n\t\t\t\t\t\t\t\t\t<p><br \/><span style=\"font-weight: 400\">Pero volvamos al principio...<\/span><\/p><p><span style=\"font-weight: 400\">La empresa fue fundada en 1994 en Gowin, cerca de Wejherowo, por el matrimonio Jacek y Beata. <br \/>El jefe le dio su nombre al proyecto y puso mucho coraz\u00f3n en extender sus alas. La chef a\u00f1adi\u00f3 con su coraz\u00f3n las valiosas recetas de su madre y su propia pasi\u00f3n por la reposter\u00eda.<\/span><\/p><p><span style=\"font-weight: 400\">Nuestro archivo contiene un breve v\u00eddeo promocional de los primeros a\u00f1os de actividad de la empresa, lo miramos con emoci\u00f3n y con cautela (especialmente la calidad de la grabaci\u00f3n).<\/span><br \/><strong><a href=\"https:\/\/www.youtube.com\/watch?v=EqSREd4n0cQ\" target=\"_blank\" rel=\"noopener\"><br \/>Ver: Jacek Placek \u2013 pasteles caseros<\/a><\/strong><\/p><p><span style=\"font-weight: 400\">Pensando por un momento en el nombre de la empresa, ya sabes: si Jacek y los pasteles, entonces existe una asociaci\u00f3n natural con la rima infantil &quot;Jacek Placek...&quot; \u00bfY sab\u00edas que la g\u00e9nesis de esta rima fue probablemente la historia de st. Jacek, que ayudaba a los pobres y los alimentaba... con bolas de masa. En el pasado, las alb\u00f3ndigas se llamaban a menudo tortitas y se fr\u00eden en aceite. Bueno, el santo se gan\u00f3 el sobrenombre de San Juan de Pierogi, y con el tiempo alguien a\u00f1adi\u00f3 una canci\u00f3n divertida sobre un ni\u00f1o que le robaba golosinas a su madre en la cocina.<\/span><\/p><p><span style=\"font-weight: 400\">En el logo de nuestra empresa aparec\u00eda la silueta de un peque\u00f1o goloso, y para hacerlo a\u00fan m\u00e1s interesante... a\u00f1os m\u00e1s tarde, lanzamos una l\u00ednea de producci\u00f3n de dumplings seg\u00fan las recetas caseras de nuestra familia.<\/span><\/p>\t\t\t\t\t\t\t\t<\/div>\n\t\t\t\t<\/div>\n\t\t\t\t\t<\/div>\n\t\t\t\t<\/div>\n\t\t<div class=\"elementor-element elementor-element-6741986 e-flex e-con-boxed e-con e-parent\" data-id=\"6741986\" data-element_type=\"container\" data-settings=\"{&quot;jet_parallax_layout_list&quot;:[]}\">\n\t\t\t\t\t<div class=\"e-con-inner\">\n\t\t<div class=\"elementor-element elementor-element-4ce0ded e-con-full e-flex e-con e-child\" data-id=\"4ce0ded\" data-element_type=\"container\" data-settings=\"{&quot;jet_parallax_layout_list&quot;:[]}\">\n\t\t\t\t<div class=\"elementor-element elementor-element-1a49894 elementor-widget elementor-widget-image\" data-id=\"1a49894\" data-element_type=\"widget\" data-widget_type=\"image.default\">\n\t\t\t\t<div class=\"elementor-widget-container\">\n\t\t\t\t\t\t\t\t\t\t\t\t\t\t\t<img decoding=\"async\" width=\"1200\" height=\"800\" src=\"https:\/\/jacekplacek.com.pl\/wp-content\/uploads\/2022\/08\/124827026_2681585982059016_8677979670788044716_n-1360x907.jpg\" class=\"attachment-large size-large wp-image-7414\" alt=\"Alb\u00f3ndigas de caza Cukiernia Jacek Placek es sin\u00f3nimo del sabor de las tartas caseras elaboradas con productos naturales.\" srcset=\"https:\/\/jacekplacek.com.pl\/wp-content\/uploads\/2022\/08\/124827026_2681585982059016_8677979670788044716_n-1360x907.jpg 1360w, https:\/\/jacekplacek.com.pl\/wp-content\/uploads\/2022\/08\/124827026_2681585982059016_8677979670788044716_n-350x234.jpg 350w, https:\/\/jacekplacek.com.pl\/wp-content\/uploads\/2022\/08\/124827026_2681585982059016_8677979670788044716_n-768x512.jpg 768w, https:\/\/jacekplacek.com.pl\/wp-content\/uploads\/2022\/08\/124827026_2681585982059016_8677979670788044716_n-1536x1025.jpg 1536w, https:\/\/jacekplacek.com.pl\/wp-content\/uploads\/2022\/08\/124827026_2681585982059016_8677979670788044716_n-600x400.jpg 600w, https:\/\/jacekplacek.com.pl\/wp-content\/uploads\/2022\/08\/124827026_2681585982059016_8677979670788044716_n.jpg 1920w\" sizes=\"(max-width: 1200px) 100vw, 1200px\" \/>\t\t\t\t\t\t\t\t\t\t\t\t\t\t\t<\/div>\n\t\t\t\t<\/div>\n\t\t\t\t<\/div>\n\t\t<div class=\"elementor-element elementor-element-dc88944 e-con-full e-flex e-con e-child\" data-id=\"dc88944\" data-element_type=\"container\" data-settings=\"{&quot;jet_parallax_layout_list&quot;:[]}\">\n\t\t\t\t<div class=\"elementor-element elementor-element-f1072aa elementor-widget elementor-widget-image\" data-id=\"f1072aa\" data-element_type=\"widget\" data-widget_type=\"image.default\">\n\t\t\t\t<div class=\"elementor-widget-container\">\n\t\t\t\t\t\t\t\t\t\t\t\t\t\t\t<img loading=\"lazy\" decoding=\"async\" width=\"1200\" height=\"800\" src=\"https:\/\/jacekplacek.com.pl\/wp-content\/uploads\/2022\/08\/2020-06-09-Pierogi-z-jagodami-2-1360x907.jpg\" class=\"attachment-large size-large wp-image-7413\" alt=\"Empanadillas con ar\u00e1ndanos Cukiernia Jacek Placek es sin\u00f3nimo del sabor de las tartas caseras elaboradas con productos naturales.\" srcset=\"https:\/\/jacekplacek.com.pl\/wp-content\/uploads\/2022\/08\/2020-06-09-Pierogi-z-jagodami-2-1360x907.jpg 1360w, https:\/\/jacekplacek.com.pl\/wp-content\/uploads\/2022\/08\/2020-06-09-Pierogi-z-jagodami-2-350x233.jpg 350w, https:\/\/jacekplacek.com.pl\/wp-content\/uploads\/2022\/08\/2020-06-09-Pierogi-z-jagodami-2-768x512.jpg 768w, https:\/\/jacekplacek.com.pl\/wp-content\/uploads\/2022\/08\/2020-06-09-Pierogi-z-jagodami-2-1536x1024.jpg 1536w, https:\/\/jacekplacek.com.pl\/wp-content\/uploads\/2022\/08\/2020-06-09-Pierogi-z-jagodami-2-600x400.jpg 600w, https:\/\/jacekplacek.com.pl\/wp-content\/uploads\/2022\/08\/2020-06-09-Pierogi-z-jagodami-2.jpg 1920w\" sizes=\"(max-width: 1200px) 100vw, 1200px\" \/>\t\t\t\t\t\t\t\t\t\t\t\t\t\t\t<\/div>\n\t\t\t\t<\/div>\n\t\t\t\t<\/div>\n\t\t\t\t\t<\/div>\n\t\t\t\t<\/div>\n\t\t<div class=\"elementor-element elementor-element-cb7573c e-flex e-con-boxed e-con e-parent\" data-id=\"cb7573c\" data-element_type=\"container\" data-settings=\"{&quot;jet_parallax_layout_list&quot;:[]}\">\n\t\t\t\t\t<div class=\"e-con-inner\">\n\t\t\t\t<div class=\"elementor-element elementor-element-844fd76 elementor-widget elementor-widget-text-editor\" data-id=\"844fd76\" data-element_type=\"widget\" data-widget_type=\"text-editor.default\">\n\t\t\t\t<div class=\"elementor-widget-container\">\n\t\t\t\t\t\t\t\t\t<p>\u00a0<\/p><p><span style=\"font-weight: 400\">Por eso, desde hace m\u00e1s de un cuarto de siglo, Jacek Placek sirve a sus clientes una gama cada vez m\u00e1s amplia de deliciosos pasteles y tartas, enriqueciendo la oferta con snacks salados y alb\u00f3ndigas. En Gda\u0144sk y Sopot se abrieron tres pasteler\u00edas de la empresa, as\u00ed como en Wejherowo, en la Filarm\u00f3nica de Kashubia local, en el club-caf\u00e9 Busola, donde se ofrecieron nuestros productos de panader\u00eda.<\/span><\/p><p><span style=\"font-weight: 400\">Confiter\u00eda en la calle Gda\u0144sk\u00a0<strong><a href=\"https:\/\/jacekplacek.com.pl\/es\/confiteria-jacek-placek-gdansk-zaspa\/\" target=\"_blank\" rel=\"noopener\">Zaspa<\/a><\/strong> Recientemente ha sido remodelado y se ha convertido en una dulce cafeter\u00eda local, donde en algunas mesas podr\u00e1s pedir un delicioso caf\u00e9 o helado con nuestros dulces, concertar una cita con un amigo o tener una reuni\u00f3n informal de negocios.<\/span><\/p>\t\t\t\t\t\t\t\t<\/div>\n\t\t\t\t<\/div>\n\t\t\t\t\t<\/div>\n\t\t\t\t<\/div>\n\t\t<div class=\"elementor-element elementor-element-f14e1c1 e-flex e-con-boxed e-con e-parent\" data-id=\"f14e1c1\" data-element_type=\"container\" data-settings=\"{&quot;jet_parallax_layout_list&quot;:[]}\">\n\t\t\t\t\t<div class=\"e-con-inner\">\n\t\t<div class=\"elementor-element elementor-element-ee6dbea e-con-full e-flex e-con e-child\" data-id=\"ee6dbea\" data-element_type=\"container\" data-settings=\"{&quot;jet_parallax_layout_list&quot;:[]}\">\n\t\t\t\t<div class=\"elementor-element elementor-element-58ccce5 elementor-widget elementor-widget-image\" data-id=\"58ccce5\" data-element_type=\"widget\" data-widget_type=\"image.default\">\n\t\t\t\t<div class=\"elementor-widget-container\">\n\t\t\t\t\t\t\t\t\t\t\t\t\t\t\t<img loading=\"lazy\" decoding=\"async\" width=\"1200\" height=\"799\" src=\"https:\/\/jacekplacek.com.pl\/wp-content\/uploads\/2022\/08\/MG_2197-1-1360x906.jpg\" class=\"attachment-large size-large wp-image-7423\" alt=\"Confiter\u00eda Gda\u0144sk Zaspa desde fuera La confiter\u00eda Jacek Placek es sin\u00f3nimo del sabor de las tartas caseras elaboradas con productos naturales.\" srcset=\"https:\/\/jacekplacek.com.pl\/wp-content\/uploads\/2022\/08\/MG_2197-1-1360x906.jpg 1360w, https:\/\/jacekplacek.com.pl\/wp-content\/uploads\/2022\/08\/MG_2197-1-350x233.jpg 350w, https:\/\/jacekplacek.com.pl\/wp-content\/uploads\/2022\/08\/MG_2197-1-768x512.jpg 768w, https:\/\/jacekplacek.com.pl\/wp-content\/uploads\/2022\/08\/MG_2197-1-1536x1024.jpg 1536w, https:\/\/jacekplacek.com.pl\/wp-content\/uploads\/2022\/08\/MG_2197-1-600x400.jpg 600w, https:\/\/jacekplacek.com.pl\/wp-content\/uploads\/2022\/08\/MG_2197-1.jpg 2000w\" sizes=\"(max-width: 1200px) 100vw, 1200px\" \/>\t\t\t\t\t\t\t\t\t\t\t\t\t\t\t<\/div>\n\t\t\t\t<\/div>\n\t\t\t\t<\/div>\n\t\t<div class=\"elementor-element elementor-element-bfa453b e-con-full e-flex e-con e-child\" data-id=\"bfa453b\" data-element_type=\"container\" data-settings=\"{&quot;jet_parallax_layout_list&quot;:[]}\">\n\t\t\t\t<div class=\"elementor-element elementor-element-ae8ad09 elementor-widget elementor-widget-image\" data-id=\"ae8ad09\" data-element_type=\"widget\" data-widget_type=\"image.default\">\n\t\t\t\t<div class=\"elementor-widget-container\">\n\t\t\t\t\t\t\t\t\t\t\t\t\t\t\t<img loading=\"lazy\" decoding=\"async\" width=\"1200\" height=\"799\" src=\"https:\/\/jacekplacek.com.pl\/wp-content\/uploads\/2022\/08\/MG_2175-2-1360x906.jpg\" class=\"attachment-large size-large wp-image-7430\" alt=\"La confiter\u00eda Gda\u0144sk Zaspa Cukiernia Jacek Placek es sin\u00f3nimo del sabor de los pasteles caseros elaborados con productos naturales.\" srcset=\"https:\/\/jacekplacek.com.pl\/wp-content\/uploads\/2022\/08\/MG_2175-2-1360x906.jpg 1360w, https:\/\/jacekplacek.com.pl\/wp-content\/uploads\/2022\/08\/MG_2175-2-350x233.jpg 350w, https:\/\/jacekplacek.com.pl\/wp-content\/uploads\/2022\/08\/MG_2175-2-768x512.jpg 768w, https:\/\/jacekplacek.com.pl\/wp-content\/uploads\/2022\/08\/MG_2175-2-1536x1024.jpg 1536w, https:\/\/jacekplacek.com.pl\/wp-content\/uploads\/2022\/08\/MG_2175-2-600x400.jpg 600w, https:\/\/jacekplacek.com.pl\/wp-content\/uploads\/2022\/08\/MG_2175-2.jpg 2000w\" sizes=\"(max-width: 1200px) 100vw, 1200px\" \/>\t\t\t\t\t\t\t\t\t\t\t\t\t\t\t<\/div>\n\t\t\t\t<\/div>\n\t\t\t\t<\/div>\n\t\t\t\t\t<\/div>\n\t\t\t\t<\/div>\n\t\t<div class=\"elementor-element elementor-element-bea6d05 e-flex e-con-boxed e-con e-parent\" data-id=\"bea6d05\" data-element_type=\"container\" data-settings=\"{&quot;jet_parallax_layout_list&quot;:[]}\">\n\t\t\t\t\t<div class=\"e-con-inner\">\n\t\t<div class=\"elementor-element elementor-element-52367d4 e-con-full e-flex e-con e-child\" data-id=\"52367d4\" data-element_type=\"container\" data-settings=\"{&quot;jet_parallax_layout_list&quot;:[]}\">\n\t\t\t\t<div class=\"elementor-element elementor-element-72815cd elementor-widget elementor-widget-image\" data-id=\"72815cd\" data-element_type=\"widget\" data-widget_type=\"image.default\">\n\t\t\t\t<div class=\"elementor-widget-container\">\n\t\t\t\t\t\t\t\t\t\t\t\t\t\t\t<img loading=\"lazy\" decoding=\"async\" width=\"1200\" height=\"800\" src=\"https:\/\/jacekplacek.com.pl\/wp-content\/uploads\/2022\/08\/zdj_41-1360x907.jpg\" class=\"attachment-large size-large wp-image-7427\" alt=\"pasteler\u00eda Gda\u0144sk Caf\u00e9 Zaspa Pasteler\u00eda Jacek Placek es sin\u00f3nimo del sabor de los pasteles caseros elaborados con productos naturales.\" srcset=\"https:\/\/jacekplacek.com.pl\/wp-content\/uploads\/2022\/08\/zdj_41-1360x907.jpg 1360w, https:\/\/jacekplacek.com.pl\/wp-content\/uploads\/2022\/08\/zdj_41-350x233.jpg 350w, https:\/\/jacekplacek.com.pl\/wp-content\/uploads\/2022\/08\/zdj_41-768x512.jpg 768w, https:\/\/jacekplacek.com.pl\/wp-content\/uploads\/2022\/08\/zdj_41-1536x1024.jpg 1536w, https:\/\/jacekplacek.com.pl\/wp-content\/uploads\/2022\/08\/zdj_41-2048x1365.jpg 2048w, https:\/\/jacekplacek.com.pl\/wp-content\/uploads\/2022\/08\/zdj_41-600x400.jpg 600w\" sizes=\"(max-width: 1200px) 100vw, 1200px\" \/>\t\t\t\t\t\t\t\t\t\t\t\t\t\t\t<\/div>\n\t\t\t\t<\/div>\n\t\t\t\t<\/div>\n\t\t<div class=\"elementor-element elementor-element-f81d127 e-con-full e-flex e-con e-child\" data-id=\"f81d127\" data-element_type=\"container\" data-settings=\"{&quot;jet_parallax_layout_list&quot;:[]}\">\n\t\t\t\t<div class=\"elementor-element elementor-element-745a0cc elementor-widget elementor-widget-image\" data-id=\"745a0cc\" data-element_type=\"widget\" data-widget_type=\"image.default\">\n\t\t\t\t<div class=\"elementor-widget-container\">\n\t\t\t\t\t\t\t\t\t\t\t\t\t\t\t<img loading=\"lazy\" decoding=\"async\" width=\"1200\" height=\"800\" src=\"https:\/\/jacekplacek.com.pl\/wp-content\/uploads\/2022\/08\/zdj_78-1-1360x907.jpg\" class=\"attachment-large size-large wp-image-7429\" alt=\"confiter\u00eda Gda\u0144sk Caf\u00e9 Zaspa Cukiernia Jacek Placek es sin\u00f3nimo del sabor de los pasteles caseros elaborados con productos naturales.\" srcset=\"https:\/\/jacekplacek.com.pl\/wp-content\/uploads\/2022\/08\/zdj_78-1-1360x907.jpg 1360w, https:\/\/jacekplacek.com.pl\/wp-content\/uploads\/2022\/08\/zdj_78-1-350x233.jpg 350w, https:\/\/jacekplacek.com.pl\/wp-content\/uploads\/2022\/08\/zdj_78-1-768x512.jpg 768w, https:\/\/jacekplacek.com.pl\/wp-content\/uploads\/2022\/08\/zdj_78-1-1536x1024.jpg 1536w, https:\/\/jacekplacek.com.pl\/wp-content\/uploads\/2022\/08\/zdj_78-1-2048x1365.jpg 2048w, https:\/\/jacekplacek.com.pl\/wp-content\/uploads\/2022\/08\/zdj_78-1-600x400.jpg 600w\" sizes=\"(max-width: 1200px) 100vw, 1200px\" \/>\t\t\t\t\t\t\t\t\t\t\t\t\t\t\t<\/div>\n\t\t\t\t<\/div>\n\t\t\t\t<\/div>\n\t\t\t\t\t<\/div>\n\t\t\t\t<\/div>\n\t\t<div class=\"elementor-element elementor-element-a3141b0 e-flex e-con-boxed e-con e-parent\" data-id=\"a3141b0\" data-element_type=\"container\" data-settings=\"{&quot;jet_parallax_layout_list&quot;:[]}\">\n\t\t\t\t\t<div class=\"e-con-inner\">\n\t\t\t\t<div class=\"elementor-element elementor-element-be9250f elementor-widget elementor-widget-text-editor\" data-id=\"be9250f\" data-element_type=\"widget\" data-widget_type=\"text-editor.default\">\n\t\t\t\t<div class=\"elementor-widget-container\">\n\t\t\t\t\t\t\t\t\t<p>\u00a0<\/p><p><span style=\"font-weight: 400\">En Wejherowska <strong><a href=\"https:\/\/kawiarniabusola.pl\/\" target=\"_blank\" rel=\"noopener\">Br\u00fajula<\/a> <\/strong>Nos realizamos no s\u00f3lo como restauradores y proveedores de catering, sino tambi\u00e9n, por as\u00ed decirlo, como mecenas del arte contempor\u00e1neo. El local acoge exposiciones peri\u00f3dicas de obras de pintura y fotograf\u00eda de artistas locales.<\/span><\/p>\t\t\t\t\t\t\t\t<\/div>\n\t\t\t\t<\/div>\n\t\t\t\t\t<\/div>\n\t\t\t\t<\/div>\n\t\t<div class=\"elementor-element elementor-element-1c67da7 e-flex e-con-boxed e-con e-parent\" data-id=\"1c67da7\" data-element_type=\"container\" data-settings=\"{&quot;jet_parallax_layout_list&quot;:[]}\">\n\t\t\t\t\t<div class=\"e-con-inner\">\n\t\t<div class=\"elementor-element elementor-element-aaa5c63 e-con-full e-flex e-con e-child\" data-id=\"aaa5c63\" data-element_type=\"container\" data-settings=\"{&quot;jet_parallax_layout_list&quot;:[]}\">\n\t\t\t\t<div class=\"elementor-element elementor-element-c662e19 elementor-widget elementor-widget-image\" data-id=\"c662e19\" data-element_type=\"widget\" data-widget_type=\"image.default\">\n\t\t\t\t<div class=\"elementor-widget-container\">\n\t\t\t\t\t\t\t\t\t\t\t\t\t\t\t<img loading=\"lazy\" decoding=\"async\" width=\"1200\" height=\"900\" src=\"https:\/\/jacekplacek.com.pl\/wp-content\/uploads\/2022\/08\/20220822_110211-1360x1020.jpg\" class=\"attachment-large size-large wp-image-7439\" alt=\"La pasteler\u00eda Filarm\u00f3nica de Casubia Jacek Placek es sin\u00f3nimo del sabor de los pasteles caseros elaborados con productos naturales.\" srcset=\"https:\/\/jacekplacek.com.pl\/wp-content\/uploads\/2022\/08\/20220822_110211-1360x1020.jpg 1360w, https:\/\/jacekplacek.com.pl\/wp-content\/uploads\/2022\/08\/20220822_110211-350x263.jpg 350w, https:\/\/jacekplacek.com.pl\/wp-content\/uploads\/2022\/08\/20220822_110211-768x576.jpg 768w, https:\/\/jacekplacek.com.pl\/wp-content\/uploads\/2022\/08\/20220822_110211-1536x1152.jpg 1536w, https:\/\/jacekplacek.com.pl\/wp-content\/uploads\/2022\/08\/20220822_110211-2048x1536.jpg 2048w, https:\/\/jacekplacek.com.pl\/wp-content\/uploads\/2022\/08\/20220822_110211-600x450.jpg 600w\" sizes=\"(max-width: 1200px) 100vw, 1200px\" \/>\t\t\t\t\t\t\t\t\t\t\t\t\t\t\t<\/div>\n\t\t\t\t<\/div>\n\t\t\t\t<\/div>\n\t\t<div class=\"elementor-element elementor-element-e1e9391 e-con-full e-flex e-con e-child\" data-id=\"e1e9391\" data-element_type=\"container\" data-settings=\"{&quot;jet_parallax_layout_list&quot;:[]}\">\n\t\t\t\t<div class=\"elementor-element elementor-element-abfcfb8 elementor-widget elementor-widget-image\" data-id=\"abfcfb8\" data-element_type=\"widget\" data-widget_type=\"image.default\">\n\t\t\t\t<div class=\"elementor-widget-container\">\n\t\t\t\t\t\t\t\t\t\t\t\t\t\t\t<img loading=\"lazy\" decoding=\"async\" width=\"1200\" height=\"900\" src=\"https:\/\/jacekplacek.com.pl\/wp-content\/uploads\/2022\/08\/20220822_102322-1360x1020.jpg\" class=\"attachment-large size-large wp-image-7436\" alt=\"Caf\u00e9 Busola, nivel superior La confiter\u00eda Jacek Placek es sin\u00f3nimo del sabor de los pasteles caseros elaborados con productos naturales.\" srcset=\"https:\/\/jacekplacek.com.pl\/wp-content\/uploads\/2022\/08\/20220822_102322-1360x1020.jpg 1360w, https:\/\/jacekplacek.com.pl\/wp-content\/uploads\/2022\/08\/20220822_102322-350x263.jpg 350w, https:\/\/jacekplacek.com.pl\/wp-content\/uploads\/2022\/08\/20220822_102322-768x576.jpg 768w, https:\/\/jacekplacek.com.pl\/wp-content\/uploads\/2022\/08\/20220822_102322-1536x1152.jpg 1536w, https:\/\/jacekplacek.com.pl\/wp-content\/uploads\/2022\/08\/20220822_102322-2048x1536.jpg 2048w, https:\/\/jacekplacek.com.pl\/wp-content\/uploads\/2022\/08\/20220822_102322-600x450.jpg 600w\" sizes=\"(max-width: 1200px) 100vw, 1200px\" \/>\t\t\t\t\t\t\t\t\t\t\t\t\t\t\t<\/div>\n\t\t\t\t<\/div>\n\t\t\t\t<\/div>\n\t\t<div class=\"elementor-element elementor-element-4e78fbe e-con-full e-flex e-con e-child\" data-id=\"4e78fbe\" data-element_type=\"container\" data-settings=\"{&quot;jet_parallax_layout_list&quot;:[]}\">\n\t\t\t\t<div class=\"elementor-element elementor-element-ed68735 elementor-widget elementor-widget-image\" data-id=\"ed68735\" data-element_type=\"widget\" data-widget_type=\"image.default\">\n\t\t\t\t<div class=\"elementor-widget-container\">\n\t\t\t\t\t\t\t\t\t\t\t\t\t\t\t<img loading=\"lazy\" decoding=\"async\" width=\"1200\" height=\"900\" src=\"https:\/\/jacekplacek.com.pl\/wp-content\/uploads\/2022\/08\/20220822_102811-1360x1020.jpg\" class=\"attachment-large size-large wp-image-7437\" alt=\"Caf\u00e9 Busola, nivel inferior La confiter\u00eda Jacek Placek es sin\u00f3nimo del sabor de los pasteles caseros elaborados con productos naturales.\" srcset=\"https:\/\/jacekplacek.com.pl\/wp-content\/uploads\/2022\/08\/20220822_102811-1360x1020.jpg 1360w, https:\/\/jacekplacek.com.pl\/wp-content\/uploads\/2022\/08\/20220822_102811-350x263.jpg 350w, https:\/\/jacekplacek.com.pl\/wp-content\/uploads\/2022\/08\/20220822_102811-768x576.jpg 768w, https:\/\/jacekplacek.com.pl\/wp-content\/uploads\/2022\/08\/20220822_102811-1536x1152.jpg 1536w, https:\/\/jacekplacek.com.pl\/wp-content\/uploads\/2022\/08\/20220822_102811-2048x1536.jpg 2048w, https:\/\/jacekplacek.com.pl\/wp-content\/uploads\/2022\/08\/20220822_102811-600x450.jpg 600w\" sizes=\"(max-width: 1200px) 100vw, 1200px\" \/>\t\t\t\t\t\t\t\t\t\t\t\t\t\t\t<\/div>\n\t\t\t\t<\/div>\n\t\t\t\t<\/div>\n\t\t<div class=\"elementor-element elementor-element-a7b6a9e e-con-full e-flex e-con e-child\" data-id=\"a7b6a9e\" data-element_type=\"container\" data-settings=\"{&quot;jet_parallax_layout_list&quot;:[]}\">\n\t\t\t\t<div class=\"elementor-element elementor-element-a55ee3e elementor-widget elementor-widget-image\" data-id=\"a55ee3e\" data-element_type=\"widget\" data-widget_type=\"image.default\">\n\t\t\t\t<div class=\"elementor-widget-container\">\n\t\t\t\t\t\t\t\t\t\t\t\t\t\t\t<img loading=\"lazy\" decoding=\"async\" width=\"1200\" height=\"900\" src=\"https:\/\/jacekplacek.com.pl\/wp-content\/uploads\/2022\/08\/20220822_110125-1360x1020.jpg\" class=\"attachment-large size-large wp-image-7438\" alt=\"Caf\u00e9 Busola, jard\u00edn, Cukiernia Jacek Placek es sin\u00f3nimo del sabor de los pasteles caseros elaborados con productos naturales.\" srcset=\"https:\/\/jacekplacek.com.pl\/wp-content\/uploads\/2022\/08\/20220822_110125-1360x1020.jpg 1360w, https:\/\/jacekplacek.com.pl\/wp-content\/uploads\/2022\/08\/20220822_110125-350x263.jpg 350w, https:\/\/jacekplacek.com.pl\/wp-content\/uploads\/2022\/08\/20220822_110125-768x576.jpg 768w, https:\/\/jacekplacek.com.pl\/wp-content\/uploads\/2022\/08\/20220822_110125-1536x1152.jpg 1536w, https:\/\/jacekplacek.com.pl\/wp-content\/uploads\/2022\/08\/20220822_110125-2048x1536.jpg 2048w, https:\/\/jacekplacek.com.pl\/wp-content\/uploads\/2022\/08\/20220822_110125-600x450.jpg 600w\" sizes=\"(max-width: 1200px) 100vw, 1200px\" \/>\t\t\t\t\t\t\t\t\t\t\t\t\t\t\t<\/div>\n\t\t\t\t<\/div>\n\t\t\t\t<\/div>\n\t\t\t\t\t<\/div>\n\t\t\t\t<\/div>\n\t\t<div class=\"elementor-element elementor-element-5a567d0 e-flex e-con-boxed e-con e-parent\" data-id=\"5a567d0\" data-element_type=\"container\" data-settings=\"{&quot;jet_parallax_layout_list&quot;:[]}\">\n\t\t\t\t\t<div class=\"e-con-inner\">\n\t\t\t\t<div class=\"elementor-element elementor-element-9f5a15a elementor-widget elementor-widget-text-editor\" data-id=\"9f5a15a\" data-element_type=\"widget\" data-widget_type=\"text-editor.default\">\n\t\t\t\t<div class=\"elementor-widget-container\">\n\t\t\t\t\t\t\t\t\t<p>\u00a0<\/p><p><span style=\"font-weight: 400\">La empresa cuenta con instalaciones propias desde hace dos a\u00f1os. <strong><a href=\"https:\/\/jacekplacek.com.pl\/es\" target=\"_blank\" rel=\"noopener\">tienda de internet<\/a><\/strong>, donde podr\u00e1s pedir la mayor\u00eda de nuestras tartas, tartas y snacks a domicilio en cualquier direcci\u00f3n. <\/span><\/p><p><span style=\"font-weight: 400\">Para los amantes de la reposter\u00eda tradicional y sabrosa y para las personas que no tienen mucho tiempo ni conocimientos de reposter\u00eda, esta forma de realizar pedidos es la soluci\u00f3n ideal.<\/span><\/p><p>\u00a0<\/p>\t\t\t\t\t\t\t\t<\/div>\n\t\t\t\t<\/div>\n\t\t\t\t\t<\/div>\n\t\t\t\t<\/div>\n\t\t<div class=\"elementor-element elementor-element-e00eafc e-flex e-con-boxed e-con e-parent\" data-id=\"e00eafc\" data-element_type=\"container\" data-settings=\"{&quot;jet_parallax_layout_list&quot;:[]}\">\n\t\t\t\t\t<div class=\"e-con-inner\">\n\t\t<div class=\"elementor-element elementor-element-9ce1b8a e-con-full e-flex e-con e-child\" data-id=\"9ce1b8a\" data-element_type=\"container\" data-settings=\"{&quot;jet_parallax_layout_list&quot;:[]}\">\n\t\t\t\t<div class=\"elementor-element elementor-element-f9bd4f6 elementor-widget elementor-widget-image\" data-id=\"f9bd4f6\" data-element_type=\"widget\" data-widget_type=\"image.default\">\n\t\t\t\t<div class=\"elementor-widget-container\">\n\t\t\t\t\t\t\t\t\t\t\t\t\t\t\t<img loading=\"lazy\" decoding=\"async\" width=\"1200\" height=\"796\" src=\"https:\/\/jacekplacek.com.pl\/wp-content\/uploads\/2022\/08\/Bez-nazwy-1-1360x902.jpg\" class=\"attachment-large size-large wp-image-7452\" alt=\"La confiter\u00eda Jacek Placek es sin\u00f3nimo del sabor de las tartas caseras elaboradas con productos naturales.\" srcset=\"https:\/\/jacekplacek.com.pl\/wp-content\/uploads\/2022\/08\/Bez-nazwy-1-1360x902.jpg 1360w, https:\/\/jacekplacek.com.pl\/wp-content\/uploads\/2022\/08\/Bez-nazwy-1-350x232.jpg 350w, https:\/\/jacekplacek.com.pl\/wp-content\/uploads\/2022\/08\/Bez-nazwy-1-768x509.jpg 768w, https:\/\/jacekplacek.com.pl\/wp-content\/uploads\/2022\/08\/Bez-nazwy-1-1536x1019.jpg 1536w, https:\/\/jacekplacek.com.pl\/wp-content\/uploads\/2022\/08\/Bez-nazwy-1-600x398.jpg 600w, https:\/\/jacekplacek.com.pl\/wp-content\/uploads\/2022\/08\/Bez-nazwy-1.jpg 1891w\" sizes=\"(max-width: 1200px) 100vw, 1200px\" \/>\t\t\t\t\t\t\t\t\t\t\t\t\t\t\t<\/div>\n\t\t\t\t<\/div>\n\t\t\t\t<\/div>\n\t\t<div class=\"elementor-element elementor-element-25bde6d e-con-full e-flex e-con e-child\" data-id=\"25bde6d\" data-element_type=\"container\" data-settings=\"{&quot;jet_parallax_layout_list&quot;:[]}\">\n\t\t\t\t<div class=\"elementor-element elementor-element-3225644 elementor-widget elementor-widget-image\" data-id=\"3225644\" data-element_type=\"widget\" data-widget_type=\"image.default\">\n\t\t\t\t<div class=\"elementor-widget-container\">\n\t\t\t\t\t\t\t\t\t\t\t\t\t\t\t<img loading=\"lazy\" decoding=\"async\" width=\"1200\" height=\"799\" src=\"https:\/\/jacekplacek.com.pl\/wp-content\/uploads\/2020\/12\/2020-03-25-Jacek-Placek-ducato-w-ruchu-2-1360x906.jpg\" class=\"attachment-large size-large wp-image-1484\" alt=\"La confiter\u00eda Jacek Placek es sin\u00f3nimo del sabor de las tartas caseras elaboradas con productos naturales.\" srcset=\"https:\/\/jacekplacek.com.pl\/wp-content\/uploads\/2020\/12\/2020-03-25-Jacek-Placek-ducato-w-ruchu-2-1360x906.jpg 1360w, https:\/\/jacekplacek.com.pl\/wp-content\/uploads\/2020\/12\/2020-03-25-Jacek-Placek-ducato-w-ruchu-2-600x400.jpg 600w, https:\/\/jacekplacek.com.pl\/wp-content\/uploads\/2020\/12\/2020-03-25-Jacek-Placek-ducato-w-ruchu-2-350x233.jpg 350w, https:\/\/jacekplacek.com.pl\/wp-content\/uploads\/2020\/12\/2020-03-25-Jacek-Placek-ducato-w-ruchu-2-768x512.jpg 768w, https:\/\/jacekplacek.com.pl\/wp-content\/uploads\/2020\/12\/2020-03-25-Jacek-Placek-ducato-w-ruchu-2-1536x1024.jpg 1536w, https:\/\/jacekplacek.com.pl\/wp-content\/uploads\/2020\/12\/2020-03-25-Jacek-Placek-ducato-w-ruchu-2.jpg 2048w\" sizes=\"(max-width: 1200px) 100vw, 1200px\" \/>\t\t\t\t\t\t\t\t\t\t\t\t\t\t\t<\/div>\n\t\t\t\t<\/div>\n\t\t\t\t<\/div>\n\t\t\t\t\t<\/div>\n\t\t\t\t<\/div>\n\t\t<div class=\"elementor-element elementor-element-9fb68a5 e-flex e-con-boxed e-con e-parent\" data-id=\"9fb68a5\" data-element_type=\"container\" data-settings=\"{&quot;jet_parallax_layout_list&quot;:[]}\">\n\t\t\t\t\t<div class=\"e-con-inner\">\n\t\t\t\t<div class=\"elementor-element elementor-element-d80e68f elementor-widget elementor-widget-text-editor\" data-id=\"d80e68f\" data-element_type=\"widget\" data-widget_type=\"text-editor.default\">\n\t\t\t\t<div class=\"elementor-widget-container\">\n\t\t\t\t\t\t\t\t\t<p>\u00a0<\/p><p><span style=\"font-weight: 400\">Teniendo en cuenta la comodidad y las necesidades cambiantes de la industria HoReCa, comenzamos a producir postres de raci\u00f3n \u00fanica, vistos con entusiasmo en diversos eventos y ocasiones especiales.<\/span><\/p>\t\t\t\t\t\t\t\t<\/div>\n\t\t\t\t<\/div>\n\t\t\t\t\t<\/div>\n\t\t\t\t<\/div>\n\t\t<div class=\"elementor-element elementor-element-56de95d e-flex e-con-boxed e-con e-parent\" data-id=\"56de95d\" data-element_type=\"container\" data-settings=\"{&quot;jet_parallax_layout_list&quot;:[]}\">\n\t\t\t\t\t<div class=\"e-con-inner\">\n\t\t<div class=\"elementor-element elementor-element-a74dd74 e-con-full e-flex e-con e-child\" data-id=\"a74dd74\" data-element_type=\"container\" data-settings=\"{&quot;jet_parallax_layout_list&quot;:[]}\">\n\t\t\t\t<div class=\"elementor-element elementor-element-a8060ca elementor-widget elementor-widget-image\" data-id=\"a8060ca\" data-element_type=\"widget\" data-widget_type=\"image.default\">\n\t\t\t\t<div class=\"elementor-widget-container\">\n\t\t\t\t\t\t\t\t\t\t\t\t\t\t\t<img loading=\"lazy\" decoding=\"async\" width=\"1200\" height=\"799\" src=\"https:\/\/jacekplacek.com.pl\/wp-content\/uploads\/2022\/08\/ZDJ_0284-1360x906.jpg\" class=\"attachment-large size-large wp-image-7459\" alt=\"nano buffet de postres Cukiernia Jacek Placek es sin\u00f3nimo del sabor de las tartas caseras elaboradas con productos naturales.\" srcset=\"https:\/\/jacekplacek.com.pl\/wp-content\/uploads\/2022\/08\/ZDJ_0284-1360x906.jpg 1360w, https:\/\/jacekplacek.com.pl\/wp-content\/uploads\/2022\/08\/ZDJ_0284-350x233.jpg 350w, https:\/\/jacekplacek.com.pl\/wp-content\/uploads\/2022\/08\/ZDJ_0284-768x512.jpg 768w, https:\/\/jacekplacek.com.pl\/wp-content\/uploads\/2022\/08\/ZDJ_0284-1536x1024.jpg 1536w, https:\/\/jacekplacek.com.pl\/wp-content\/uploads\/2022\/08\/ZDJ_0284-600x400.jpg 600w, https:\/\/jacekplacek.com.pl\/wp-content\/uploads\/2022\/08\/ZDJ_0284.jpg 2000w\" sizes=\"(max-width: 1200px) 100vw, 1200px\" \/>\t\t\t\t\t\t\t\t\t\t\t\t\t\t\t<\/div>\n\t\t\t\t<\/div>\n\t\t\t\t<\/div>\n\t\t<div class=\"elementor-element elementor-element-f34b081 e-con-full e-flex e-con e-child\" data-id=\"f34b081\" data-element_type=\"container\" data-settings=\"{&quot;jet_parallax_layout_list&quot;:[]}\">\n\t\t\t\t<div class=\"elementor-element elementor-element-6ba5dda elementor-widget elementor-widget-image\" data-id=\"6ba5dda\" data-element_type=\"widget\" data-widget_type=\"image.default\">\n\t\t\t\t<div class=\"elementor-widget-container\">\n\t\t\t\t\t\t\t\t\t\t\t\t\t\t\t<img loading=\"lazy\" decoding=\"async\" width=\"1200\" height=\"799\" src=\"https:\/\/jacekplacek.com.pl\/wp-content\/uploads\/2022\/08\/ZDJ_0310-1360x906.jpg\" class=\"attachment-large size-large wp-image-7461\" alt=\"nano postres Cukiernia Jacek Placek es sin\u00f3nimo del sabor de las tartas caseras elaboradas con productos naturales.\" srcset=\"https:\/\/jacekplacek.com.pl\/wp-content\/uploads\/2022\/08\/ZDJ_0310-1360x906.jpg 1360w, https:\/\/jacekplacek.com.pl\/wp-content\/uploads\/2022\/08\/ZDJ_0310-350x233.jpg 350w, https:\/\/jacekplacek.com.pl\/wp-content\/uploads\/2022\/08\/ZDJ_0310-768x512.jpg 768w, https:\/\/jacekplacek.com.pl\/wp-content\/uploads\/2022\/08\/ZDJ_0310-1536x1024.jpg 1536w, https:\/\/jacekplacek.com.pl\/wp-content\/uploads\/2022\/08\/ZDJ_0310-600x400.jpg 600w, https:\/\/jacekplacek.com.pl\/wp-content\/uploads\/2022\/08\/ZDJ_0310.jpg 2000w\" sizes=\"(max-width: 1200px) 100vw, 1200px\" \/>\t\t\t\t\t\t\t\t\t\t\t\t\t\t\t<\/div>\n\t\t\t\t<\/div>\n\t\t\t\t<\/div>\n\t\t<div class=\"elementor-element elementor-element-e1b9275 e-con-full e-flex e-con e-child\" data-id=\"e1b9275\" data-element_type=\"container\" data-settings=\"{&quot;jet_parallax_layout_list&quot;:[]}\">\n\t\t\t\t<div class=\"elementor-element elementor-element-4c74436 elementor-widget elementor-widget-image\" data-id=\"4c74436\" data-element_type=\"widget\" data-widget_type=\"image.default\">\n\t\t\t\t<div class=\"elementor-widget-container\">\n\t\t\t\t\t\t\t\t\t\t\t\t\t\t\t<img loading=\"lazy\" decoding=\"async\" width=\"1200\" height=\"799\" src=\"https:\/\/jacekplacek.com.pl\/wp-content\/uploads\/2022\/08\/ZDJ_0305-1360x906.jpg\" class=\"attachment-large size-large wp-image-7460\" alt=\"nano postres tartas Jacek Placek La confiter\u00eda es sin\u00f3nimo del sabor de las tartas caseras elaboradas con productos naturales.\" srcset=\"https:\/\/jacekplacek.com.pl\/wp-content\/uploads\/2022\/08\/ZDJ_0305-1360x906.jpg 1360w, https:\/\/jacekplacek.com.pl\/wp-content\/uploads\/2022\/08\/ZDJ_0305-350x233.jpg 350w, https:\/\/jacekplacek.com.pl\/wp-content\/uploads\/2022\/08\/ZDJ_0305-768x512.jpg 768w, https:\/\/jacekplacek.com.pl\/wp-content\/uploads\/2022\/08\/ZDJ_0305-1536x1024.jpg 1536w, https:\/\/jacekplacek.com.pl\/wp-content\/uploads\/2022\/08\/ZDJ_0305-600x400.jpg 600w, https:\/\/jacekplacek.com.pl\/wp-content\/uploads\/2022\/08\/ZDJ_0305.jpg 2000w\" sizes=\"(max-width: 1200px) 100vw, 1200px\" \/>\t\t\t\t\t\t\t\t\t\t\t\t\t\t\t<\/div>\n\t\t\t\t<\/div>\n\t\t\t\t<\/div>\n\t\t<div class=\"elementor-element elementor-element-9d03fec e-con-full e-flex e-con e-child\" data-id=\"9d03fec\" data-element_type=\"container\" data-settings=\"{&quot;jet_parallax_layout_list&quot;:[]}\">\n\t\t\t\t<div class=\"elementor-element elementor-element-ad36477 elementor-widget elementor-widget-image\" data-id=\"ad36477\" data-element_type=\"widget\" data-widget_type=\"image.default\">\n\t\t\t\t<div class=\"elementor-widget-container\">\n\t\t\t\t\t\t\t\t\t\t\t\t\t\t\t<img loading=\"lazy\" decoding=\"async\" width=\"1200\" height=\"799\" src=\"https:\/\/jacekplacek.com.pl\/wp-content\/uploads\/2022\/08\/ZDJ_0345-1360x906.jpg\" class=\"attachment-large size-large wp-image-7462\" alt=\"mini tartas Cukiernia Jacek Placek es sin\u00f3nimo del sabor de las tartas caseras elaboradas con productos naturales.\" srcset=\"https:\/\/jacekplacek.com.pl\/wp-content\/uploads\/2022\/08\/ZDJ_0345-1360x906.jpg 1360w, https:\/\/jacekplacek.com.pl\/wp-content\/uploads\/2022\/08\/ZDJ_0345-350x233.jpg 350w, https:\/\/jacekplacek.com.pl\/wp-content\/uploads\/2022\/08\/ZDJ_0345-768x512.jpg 768w, https:\/\/jacekplacek.com.pl\/wp-content\/uploads\/2022\/08\/ZDJ_0345-1536x1024.jpg 1536w, https:\/\/jacekplacek.com.pl\/wp-content\/uploads\/2022\/08\/ZDJ_0345-600x400.jpg 600w, https:\/\/jacekplacek.com.pl\/wp-content\/uploads\/2022\/08\/ZDJ_0345.jpg 2000w\" sizes=\"(max-width: 1200px) 100vw, 1200px\" \/>\t\t\t\t\t\t\t\t\t\t\t\t\t\t\t<\/div>\n\t\t\t\t<\/div>\n\t\t\t\t<\/div>\n\t\t\t\t\t<\/div>\n\t\t\t\t<\/div>\n\t\t<div class=\"elementor-element elementor-element-593a31b e-flex e-con-boxed e-con e-parent\" data-id=\"593a31b\" data-element_type=\"container\" data-settings=\"{&quot;jet_parallax_layout_list&quot;:[]}\">\n\t\t\t\t\t<div class=\"e-con-inner\">\n\t\t\t\t<div class=\"elementor-element elementor-element-c51ec6f elementor-widget elementor-widget-text-editor\" data-id=\"c51ec6f\" data-element_type=\"widget\" data-widget_type=\"text-editor.default\">\n\t\t\t\t<div class=\"elementor-widget-container\">\n\t\t\t\t\t\t\t\t\t<p>\u00a0<\/p><p><span style=\"font-weight: 400\">Nuestra oferta de tartas para ocasiones especiales incluye decoraci\u00f3n con flores, toppers y estampados en barquillos, as\u00ed como personalizaci\u00f3n de inscripciones.<\/span><\/p>\t\t\t\t\t\t\t\t<\/div>\n\t\t\t\t<\/div>\n\t\t\t\t\t<\/div>\n\t\t\t\t<\/div>\n\t\t<div class=\"elementor-element elementor-element-3fb1734 e-flex e-con-boxed e-con e-parent\" data-id=\"3fb1734\" data-element_type=\"container\" data-settings=\"{&quot;jet_parallax_layout_list&quot;:[]}\">\n\t\t\t\t\t<div class=\"e-con-inner\">\n\t\t<div class=\"elementor-element elementor-element-eec8ecc e-con-full e-flex e-con e-child\" data-id=\"eec8ecc\" data-element_type=\"container\" data-settings=\"{&quot;jet_parallax_layout_list&quot;:[]}\">\n\t\t\t\t<div class=\"elementor-element elementor-element-77f291f elementor-widget elementor-widget-image\" data-id=\"77f291f\" data-element_type=\"widget\" data-widget_type=\"image.default\">\n\t\t\t\t<div class=\"elementor-widget-container\">\n\t\t\t\t\t\t\t\t\t\t\t\t\t\t\t<img loading=\"lazy\" decoding=\"async\" width=\"1200\" height=\"800\" src=\"https:\/\/jacekplacek.com.pl\/wp-content\/uploads\/2022\/05\/ZDJ_0120-1360x907.jpg\" class=\"attachment-large size-large wp-image-5588\" alt=\"Libro de tarta para comuni\u00f3n Cukiernia Jacek Placek es sin\u00f3nimo del sabor de las tartas caseras elaboradas con productos naturales.\" srcset=\"https:\/\/jacekplacek.com.pl\/wp-content\/uploads\/2022\/05\/ZDJ_0120-1360x907.jpg 1360w, https:\/\/jacekplacek.com.pl\/wp-content\/uploads\/2022\/05\/ZDJ_0120-350x233.jpg 350w, https:\/\/jacekplacek.com.pl\/wp-content\/uploads\/2022\/05\/ZDJ_0120-768x512.jpg 768w, https:\/\/jacekplacek.com.pl\/wp-content\/uploads\/2022\/05\/ZDJ_0120-1536x1025.jpg 1536w, https:\/\/jacekplacek.com.pl\/wp-content\/uploads\/2022\/05\/ZDJ_0120-600x400.jpg 600w, https:\/\/jacekplacek.com.pl\/wp-content\/uploads\/2022\/05\/ZDJ_0120.jpg 2000w\" sizes=\"(max-width: 1200px) 100vw, 1200px\" \/>\t\t\t\t\t\t\t\t\t\t\t\t\t\t\t<\/div>\n\t\t\t\t<\/div>\n\t\t\t\t<\/div>\n\t\t<div class=\"elementor-element elementor-element-6aced67 e-con-full e-flex e-con e-child\" data-id=\"6aced67\" data-element_type=\"container\" data-settings=\"{&quot;jet_parallax_layout_list&quot;:[]}\">\n\t\t\t\t<div class=\"elementor-element elementor-element-b561cf1 elementor-widget elementor-widget-image\" data-id=\"b561cf1\" data-element_type=\"widget\" data-widget_type=\"image.default\">\n\t\t\t\t<div class=\"elementor-widget-container\">\n\t\t\t\t\t\t\t\t\t\t\t\t\t\t\t<img loading=\"lazy\" decoding=\"async\" width=\"1200\" height=\"799\" src=\"https:\/\/jacekplacek.com.pl\/wp-content\/uploads\/2022\/05\/ZDJ_0083-1360x906.jpg\" class=\"attachment-large size-large wp-image-5545\" alt=\"Una tarta redonda con una estampa para comuni\u00f3n La confiter\u00eda Jacek Placek es sin\u00f3nimo del sabor de las tartas caseras elaboradas con productos naturales.\" srcset=\"https:\/\/jacekplacek.com.pl\/wp-content\/uploads\/2022\/05\/ZDJ_0083-1360x906.jpg 1360w, https:\/\/jacekplacek.com.pl\/wp-content\/uploads\/2022\/05\/ZDJ_0083-350x233.jpg 350w, https:\/\/jacekplacek.com.pl\/wp-content\/uploads\/2022\/05\/ZDJ_0083-768x512.jpg 768w, https:\/\/jacekplacek.com.pl\/wp-content\/uploads\/2022\/05\/ZDJ_0083-1536x1024.jpg 1536w, https:\/\/jacekplacek.com.pl\/wp-content\/uploads\/2022\/05\/ZDJ_0083-600x400.jpg 600w, https:\/\/jacekplacek.com.pl\/wp-content\/uploads\/2022\/05\/ZDJ_0083.jpg 2000w\" sizes=\"(max-width: 1200px) 100vw, 1200px\" \/>\t\t\t\t\t\t\t\t\t\t\t\t\t\t\t<\/div>\n\t\t\t\t<\/div>\n\t\t\t\t<\/div>\n\t\t\t\t\t<\/div>\n\t\t\t\t<\/div>\n\t\t<div class=\"elementor-element elementor-element-3ab4a3c e-flex e-con-boxed e-con e-parent\" data-id=\"3ab4a3c\" data-element_type=\"container\" data-settings=\"{&quot;jet_parallax_layout_list&quot;:[]}\">\n\t\t\t\t\t<div class=\"e-con-inner\">\n\t\t\t\t<div class=\"elementor-element elementor-element-8f754db elementor-widget elementor-widget-text-editor\" data-id=\"8f754db\" data-element_type=\"widget\" data-widget_type=\"text-editor.default\">\n\t\t\t\t<div class=\"elementor-widget-container\">\n\t\t\t\t\t\t\t\t\t<p><br \/><span style=\"font-weight: 400\">Este verano debutamos con gran \u00e9xito como expositores en la Feria Dominicana de Gda\u0144sk.<br \/>Nuestras tartas de ar\u00e1ndanos, bollos caseros y tartas de queso tuvieron un \u00e9xito incre\u00edble y desaparecieron como... \u00a1los proverbiales hot cakes!<\/span><br \/><span style=\"font-weight: 400\"><br \/>Esto nos hizo darnos cuenta de que los clientes todav\u00eda se inclinan por los sabores tradicionales y naturales, y nuestra misi\u00f3n corporativa tiene sentido. \u00a1Gracias!<\/span><\/p>\t\t\t\t\t\t\t\t<\/div>\n\t\t\t\t<\/div>\n\t\t\t\t\t<\/div>\n\t\t\t\t<\/div>\n\t\t<div class=\"elementor-element elementor-element-1c321d5 e-flex e-con-boxed e-con e-parent\" data-id=\"1c321d5\" data-element_type=\"container\" data-settings=\"{&quot;jet_parallax_layout_list&quot;:[]}\">\n\t\t\t\t\t<div class=\"e-con-inner\">\n\t\t<div class=\"elementor-element elementor-element-822d5f8 e-con-full e-flex e-con e-child\" data-id=\"822d5f8\" data-element_type=\"container\" data-settings=\"{&quot;jet_parallax_layout_list&quot;:[]}\">\n\t\t\t\t<div class=\"elementor-element elementor-element-7656873 elementor-widget elementor-widget-image\" data-id=\"7656873\" data-element_type=\"widget\" data-widget_type=\"image.default\">\n\t\t\t\t<div class=\"elementor-widget-container\">\n\t\t\t\t\t\t\t\t\t\t\t\t\t\t\t<img loading=\"lazy\" decoding=\"async\" width=\"1087\" height=\"1360\" src=\"https:\/\/jacekplacek.com.pl\/wp-content\/uploads\/2022\/07\/295227803_5270934592976035_2251181954999705847_n-1087x1360.jpg\" class=\"attachment-large size-large wp-image-7242\" alt=\"Stand Jacek Placek Feria Dominika\u0144ski 2022 Gda\u0144sk La confiter\u00eda Jacek Placek es sin\u00f3nimo del sabor de las tartas caseras elaboradas con productos naturales.\" srcset=\"https:\/\/jacekplacek.com.pl\/wp-content\/uploads\/2022\/07\/295227803_5270934592976035_2251181954999705847_n-1087x1360.jpg 1087w, https:\/\/jacekplacek.com.pl\/wp-content\/uploads\/2022\/07\/295227803_5270934592976035_2251181954999705847_n-280x350.jpg 280w, https:\/\/jacekplacek.com.pl\/wp-content\/uploads\/2022\/07\/295227803_5270934592976035_2251181954999705847_n-768x961.jpg 768w, https:\/\/jacekplacek.com.pl\/wp-content\/uploads\/2022\/07\/295227803_5270934592976035_2251181954999705847_n-600x750.jpg 600w, https:\/\/jacekplacek.com.pl\/wp-content\/uploads\/2022\/07\/295227803_5270934592976035_2251181954999705847_n.jpg 1228w\" sizes=\"(max-width: 1087px) 100vw, 1087px\" \/>\t\t\t\t\t\t\t\t\t\t\t\t\t\t\t<\/div>\n\t\t\t\t<\/div>\n\t\t\t\t<\/div>\n\t\t<div class=\"elementor-element elementor-element-2280049 e-con-full e-flex e-con e-child\" data-id=\"2280049\" data-element_type=\"container\" data-settings=\"{&quot;jet_parallax_layout_list&quot;:[]}\">\n\t\t\t\t<div class=\"elementor-element elementor-element-abcf5af elementor-widget elementor-widget-image\" data-id=\"abcf5af\" data-element_type=\"widget\" data-widget_type=\"image.default\">\n\t\t\t\t<div class=\"elementor-widget-container\">\n\t\t\t\t\t\t\t\t\t\t\t\t\t\t\t<img loading=\"lazy\" decoding=\"async\" width=\"1088\" height=\"1360\" src=\"https:\/\/jacekplacek.com.pl\/wp-content\/uploads\/2022\/07\/295269349_5270934496309378_1652367777817499049_n-1088x1360.jpg\" class=\"attachment-large size-large wp-image-7247\" alt=\"Stand Jacek Placek Feria Dominika\u0144ski 2022 Gda\u0144sk La confiter\u00eda Jacek Placek es sin\u00f3nimo del sabor de las tartas caseras elaboradas con productos naturales.\" srcset=\"https:\/\/jacekplacek.com.pl\/wp-content\/uploads\/2022\/07\/295269349_5270934496309378_1652367777817499049_n-1088x1360.jpg 1088w, https:\/\/jacekplacek.com.pl\/wp-content\/uploads\/2022\/07\/295269349_5270934496309378_1652367777817499049_n-280x350.jpg 280w, https:\/\/jacekplacek.com.pl\/wp-content\/uploads\/2022\/07\/295269349_5270934496309378_1652367777817499049_n-768x960.jpg 768w, https:\/\/jacekplacek.com.pl\/wp-content\/uploads\/2022\/07\/295269349_5270934496309378_1652367777817499049_n-1229x1536.jpg 1229w, https:\/\/jacekplacek.com.pl\/wp-content\/uploads\/2022\/07\/295269349_5270934496309378_1652367777817499049_n-600x750.jpg 600w, https:\/\/jacekplacek.com.pl\/wp-content\/uploads\/2022\/07\/295269349_5270934496309378_1652367777817499049_n.jpg 1536w\" sizes=\"(max-width: 1088px) 100vw, 1088px\" \/>\t\t\t\t\t\t\t\t\t\t\t\t\t\t\t<\/div>\n\t\t\t\t<\/div>\n\t\t\t\t<\/div>\n\t\t\t\t\t<\/div>\n\t\t\t\t<\/div>\n\t\t\t\t<\/div>","protected":false},"excerpt":{"rendered":"<p>Jacek Placek to rodzinna cukiernia, zajmuj\u0105ca si\u0119 od ponad \u0107wier\u0107wiecza produkcj\u0105 s\u0142odkich wypiek\u00f3w, kt\u00f3re dzi\u0119ki naturalnym sk\u0142adnikom i ulepszanym od pokole\u0144 recepturom zachowuj\u0105 niepowtarzalny, domowy smak. Nasze ciasta pachn\u0105 i smakuj\u0105 \u201ejak dawniej\u201d.Dlatego w naszym zak\u0142adzie wci\u0105\u017c u\u017cywamy \u2013 i zamierzamy u\u017cywa\u0107 &#8211;\u00a0 prawdziwych jaj, mas\u0142a, \u015bmietany i domowych konfitur. Eksperymenty z modnymi smakami i [&hellip;]<\/p>","protected":false},"author":3,"featured_media":7509,"comment_status":"closed","ping_status":"closed","sticky":false,"template":"","format":"standard","meta":{"content-type":"","footnotes":""},"categories":[1],"tags":[578,575,574,573,576],"class_list":["post-7397","post","type-post","status-publish","format-standard","has-post-thumbnail","hentry","category-aktualnosci","tag-busola-wejherowo","tag-cukiernia-jacek-placek-gdansk-osowa","tag-cukiernia-jacek-placek-gdansk-zaspa","tag-cukiernia-jacek-placek-gowino","tag-cukiernia-jacek-placek-sopot","entry","has-media","owp-thumbs-layout-horizontal","owp-btn-normal","owp-tabs-layout-horizontal","has-no-thumbnails","has-product-nav"],"acf":[],"_links":{"self":[{"href":"https:\/\/jacekplacek.com.pl\/es\/wp-json\/wp\/v2\/posts\/7397","targetHints":{"allow":["GET"]}}],"collection":[{"href":"https:\/\/jacekplacek.com.pl\/es\/wp-json\/wp\/v2\/posts"}],"about":[{"href":"https:\/\/jacekplacek.com.pl\/es\/wp-json\/wp\/v2\/types\/post"}],"author":[{"embeddable":true,"href":"https:\/\/jacekplacek.com.pl\/es\/wp-json\/wp\/v2\/users\/3"}],"replies":[{"embeddable":true,"href":"https:\/\/jacekplacek.com.pl\/es\/wp-json\/wp\/v2\/comments?post=7397"}],"version-history":[{"count":0,"href":"https:\/\/jacekplacek.com.pl\/es\/wp-json\/wp\/v2\/posts\/7397\/revisions"}],"wp:featuredmedia":[{"embeddable":true,"href":"https:\/\/jacekplacek.com.pl\/es\/wp-json\/wp\/v2\/media\/7509"}],"wp:attachment":[{"href":"https:\/\/jacekplacek.com.pl\/es\/wp-json\/wp\/v2\/media?parent=7397"}],"wp:term":[{"taxonomy":"category","embeddable":true,"href":"https:\/\/jacekplacek.com.pl\/es\/wp-json\/wp\/v2\/categories?post=7397"},{"taxonomy":"post_tag","embeddable":true,"href":"https:\/\/jacekplacek.com.pl\/es\/wp-json\/wp\/v2\/tags?post=7397"}],"curies":[{"name":"wp","href":"https:\/\/api.w.org\/{rel}","templated":true}]}}