{"id":7260,"date":"2022-07-28T18:15:41","date_gmt":"2022-07-28T16:15:41","guid":{"rendered":"https:\/\/jacekplacek.com.pl\/?p=7260"},"modified":"2022-07-28T18:42:40","modified_gmt":"2022-07-28T16:42:40","slug":"el-30-de-julio-es-el-dia-mundial-de-la-tarta-de-queso","status":"publish","type":"post","link":"https:\/\/jacekplacek.com.pl\/es\/el-30-de-julio-es-el-dia-mundial-de-la-tarta-de-queso\/","title":{"rendered":"30 de julio - D\u00eda Mundial de la Tarta de Queso"},"content":{"rendered":"<div data-elementor-type=\"wp-post\" data-elementor-id=\"7260\" class=\"elementor elementor-7260\" data-elementor-post-type=\"post\">\n\t\t\t\t\t\t<section class=\"elementor-section elementor-top-section elementor-element elementor-element-403eef90 elementor-section-boxed elementor-section-height-default elementor-section-height-default\" data-id=\"403eef90\" data-element_type=\"section\" data-settings=\"{&quot;jet_parallax_layout_list&quot;:[]}\">\n\t\t\t\t\t\t<div class=\"elementor-container elementor-column-gap-default\">\n\t\t\t\t\t<div class=\"elementor-column elementor-col-100 elementor-top-column elementor-element elementor-element-11b8bed8\" data-id=\"11b8bed8\" data-element_type=\"column\">\n\t\t\t<div class=\"elementor-widget-wrap elementor-element-populated\">\n\t\t\t\t\t\t<div class=\"elementor-element elementor-element-6ff3db58 elementor-widget elementor-widget-text-editor\" data-id=\"6ff3db58\" data-element_type=\"widget\" data-widget_type=\"text-editor.default\">\n\t\t\t\t<div class=\"elementor-widget-container\">\n\t\t\t\t\t\t\t\t\t<p>El pastel a base de reques\u00f3n, huevos y az\u00facar, conocido en casi todo el mundo, se celebra durante las vacaciones de verano: es el momento perfecto para celebrar el brillante sabor del pastel de queso y la multitud de variedades con su pieza favorita.<br>\n<br>Fuentes hist\u00f3ricas dicen que la tarta de queso era conocida en las antiguas culturas romana y hel\u00e9nica y se disfrutaba en ocasiones especiales y durante los juegos.<\/p>\n<p>En nuestra regi\u00f3n, la tarta de queso se gan\u00f3 el favor de los gourmets, probablemente gracias al rey Juan II Sobieski, de quien se dice que conoci\u00f3 esta especialidad durante sus expediciones a Viena.<br>\n<br>La base deliciosa y cremosa combina bien con la mayor\u00eda de los pasteles y aditivos utilizados en reposter\u00eda: las tartas de queso horneadas, hervidas y fr\u00edas, con masa quebrada o arenosa, as\u00ed como sin ella, tienen sus fans.<\/p>\n<p>Las tartas de queso se combinan con tortas de semillas de amapola, con bizcocho de cacao, con capas de frutas y frutos secos, con nube de merengue y con glaseado de chocolate, las versiones fr\u00edas -aparte de la m\u00e1s popular versi\u00f3n de frutas en gelatina- se combinan con un toque de chocolate o canela.<\/p>\t\t\t\t\t\t\t\t<\/div>\n\t\t\t\t<\/div>\n\t\t\t\t\t<\/div>\n\t\t<\/div>\n\t\t\t\t\t<\/div>\n\t\t<\/section>\n\t\t<div class=\"elementor-element elementor-element-39e8b69 e-flex e-con-boxed e-con e-parent\" data-id=\"39e8b69\" data-element_type=\"container\" data-settings=\"{&quot;jet_parallax_layout_list&quot;:[]}\">\n\t\t\t\t\t<div class=\"e-con-inner\">\n\t\t\t\t<div class=\"elementor-element elementor-element-68dfa42 elementor-widget elementor-widget-image\" data-id=\"68dfa42\" data-element_type=\"widget\" data-widget_type=\"image.default\">\n\t\t\t\t<div class=\"elementor-widget-container\">\n\t\t\t\t\t\t\t\t\t\t\t\t\t\t\t<img fetchpriority=\"high\" decoding=\"async\" width=\"1200\" height=\"799\" src=\"https:\/\/jacekplacek.com.pl\/wp-content\/uploads\/2022\/07\/MG_2342-1360x906.jpg\" class=\"attachment-large size-large wp-image-7265\" alt=\"\" srcset=\"https:\/\/jacekplacek.com.pl\/wp-content\/uploads\/2022\/07\/MG_2342-1360x906.jpg 1360w, https:\/\/jacekplacek.com.pl\/wp-content\/uploads\/2022\/07\/MG_2342-350x233.jpg 350w, https:\/\/jacekplacek.com.pl\/wp-content\/uploads\/2022\/07\/MG_2342-768x512.jpg 768w, https:\/\/jacekplacek.com.pl\/wp-content\/uploads\/2022\/07\/MG_2342-1536x1024.jpg 1536w, https:\/\/jacekplacek.com.pl\/wp-content\/uploads\/2022\/07\/MG_2342-600x400.jpg 600w, https:\/\/jacekplacek.com.pl\/wp-content\/uploads\/2022\/07\/MG_2342.jpg 2000w\" sizes=\"(max-width: 1200px) 100vw, 1200px\" \/>\t\t\t\t\t\t\t\t\t\t\t\t\t\t\t<\/div>\n\t\t\t\t<\/div>\n\t\t\t\t<div class=\"elementor-element elementor-element-21ce4f5 elementor-widget elementor-widget-text-editor\" data-id=\"21ce4f5\" data-element_type=\"widget\" data-widget_type=\"text-editor.default\">\n\t\t\t\t<div class=\"elementor-widget-container\">\n\t\t\t\t\t\t\t\t\t<p><span style=\"font-size: 18px;text-align: var(--text-align)\">Podemos decir sin falsa modestia que en nuestra tienda de reposter\u00eda online cada uno encontrar\u00e1 su versi\u00f3n favorita de tarta de queso: solo haga clic <\/span><a href=\"https:\/\/jacekplacek.com.pl\/es\/categoria-de-producto\/pasteles-de-queso-todos\/\" target=\"_blank\" rel=\"noopener\" style=\"font-size: 18px;text-align: var(--text-align)\"><strong>aqu\u00ed<\/strong> y<\/a><span style=\"font-size: 18px;text-align: var(--text-align)\">&nbsp;familiar\u00edcese con la oferta de la tienda.<\/span><br><\/p>\n<p>Con motivo de la festividad de la tarta de queso, deseamos a todos que sus m\u00e1s dulces deseos se hagan realidad y os animamos a probar cuatro de nuestras tartas de queso &quot;emblem\u00e1ticas&quot;...<\/p>\t\t\t\t\t\t\t\t<\/div>\n\t\t\t\t<\/div>\n\t\t\t\t\t<\/div>\n\t\t\t\t<\/div>\n\t\t\t\t<\/div>","protected":false},"excerpt":{"rendered":"<p>Znane niemal na ca\u0142ym \u015bwiecie ciasto na bazie twarogu, jajek i cukru ma swoje \u015bwi\u0119to w porze letnich wakacji &#8211; to idealny czas, aby uczci\u0107 genialny smak sernika i mnogo\u015b\u0107 odmian jakim\u015b ulubionym kawa\u0142kiem. \u0179r\u00f3d\u0142a historyczne m\u00f3wi\u0105, \u017ce sernik znano w staro\u017cytnych kulturach rzymskich i helle\u0144skich, delektowano si\u0119 nim przy wyj\u0105tkowych okazjach i w czasie [&hellip;]<\/p>","protected":false},"author":3,"featured_media":7263,"comment_status":"closed","ping_status":"closed","sticky":false,"template":"","format":"standard","meta":{"content-type":"","footnotes":""},"categories":[1],"tags":[575,574,573,576,597,595,596],"class_list":["post-7260","post","type-post","status-publish","format-standard","has-post-thumbnail","hentry","category-aktualnosci","tag-cukiernia-jacek-placek-gdansk-osowa","tag-cukiernia-jacek-placek-gdansk-zaspa","tag-cukiernia-jacek-placek-gowino","tag-cukiernia-jacek-placek-sopot","tag-dzien-sernika","tag-sernik","tag-sernik-na-zimno","entry","has-media","owp-thumbs-layout-horizontal","owp-btn-normal","owp-tabs-layout-horizontal","has-no-thumbnails","has-product-nav"],"acf":[],"_links":{"self":[{"href":"https:\/\/jacekplacek.com.pl\/es\/wp-json\/wp\/v2\/posts\/7260","targetHints":{"allow":["GET"]}}],"collection":[{"href":"https:\/\/jacekplacek.com.pl\/es\/wp-json\/wp\/v2\/posts"}],"about":[{"href":"https:\/\/jacekplacek.com.pl\/es\/wp-json\/wp\/v2\/types\/post"}],"author":[{"embeddable":true,"href":"https:\/\/jacekplacek.com.pl\/es\/wp-json\/wp\/v2\/users\/3"}],"replies":[{"embeddable":true,"href":"https:\/\/jacekplacek.com.pl\/es\/wp-json\/wp\/v2\/comments?post=7260"}],"version-history":[{"count":0,"href":"https:\/\/jacekplacek.com.pl\/es\/wp-json\/wp\/v2\/posts\/7260\/revisions"}],"wp:featuredmedia":[{"embeddable":true,"href":"https:\/\/jacekplacek.com.pl\/es\/wp-json\/wp\/v2\/media\/7263"}],"wp:attachment":[{"href":"https:\/\/jacekplacek.com.pl\/es\/wp-json\/wp\/v2\/media?parent=7260"}],"wp:term":[{"taxonomy":"category","embeddable":true,"href":"https:\/\/jacekplacek.com.pl\/es\/wp-json\/wp\/v2\/categories?post=7260"},{"taxonomy":"post_tag","embeddable":true,"href":"https:\/\/jacekplacek.com.pl\/es\/wp-json\/wp\/v2\/tags?post=7260"}],"curies":[{"name":"wp","href":"https:\/\/api.w.org\/{rel}","templated":true}]}}