{"id":6976,"date":"2022-07-01T10:54:42","date_gmt":"2022-07-01T08:54:42","guid":{"rendered":"https:\/\/jacekplacek.com.pl\/?p=6976"},"modified":"2022-07-11T09:58:34","modified_gmt":"2022-07-11T07:58:34","slug":"voll-der-erdbeersaison","status":"publish","type":"post","link":"https:\/\/jacekplacek.com.pl\/de\/voll-der-erdbeersaison\/","title":{"rendered":"Die volle Erdbeersaison"},"content":{"rendered":"<div data-elementor-type=\"wp-post\" data-elementor-id=\"6976\" class=\"elementor elementor-6976\" data-elementor-post-type=\"post\">\n\t\t\t\t\t\t<section class=\"elementor-section elementor-top-section elementor-element elementor-element-5169211b elementor-section-boxed elementor-section-height-default elementor-section-height-default\" data-id=\"5169211b\" data-element_type=\"section\" data-settings=\"{&quot;jet_parallax_layout_list&quot;:[]}\">\n\t\t\t\t\t\t<div class=\"elementor-container elementor-column-gap-default\">\n\t\t\t\t\t<div class=\"elementor-column elementor-col-100 elementor-top-column elementor-element elementor-element-32b6f60b\" data-id=\"32b6f60b\" data-element_type=\"column\">\n\t\t\t<div class=\"elementor-widget-wrap elementor-element-populated\">\n\t\t\t\t\t\t<div class=\"elementor-element elementor-element-327f145d elementor-widget elementor-widget-text-editor\" data-id=\"327f145d\" data-element_type=\"widget\" data-widget_type=\"text-editor.default\">\n\t\t\t\t<div class=\"elementor-widget-container\">\n\t\t\t\t\t\t\t\t\t<p>Es ist der erste Tag im Juli \u2013 der Sommer ist endg\u00fcltig da und die Erdbeersaison geht noch weiter.<br \/>Jetzt kaufen wir die s\u00fc\u00dfesten kaschubischen Sommerfr\u00fcchte f\u00fcr unsere Kuchen.<br \/>Diesen Reichtum der Natur nutzen wir so gut wir k\u00f6nnen und stellen f\u00fcr Sie kalte K\u00e4sekuchen, Gelees, Biskuitkuchen und Minit\u00f6rtchen her. Alles ist randvoll mit frischen, duftenden Erdbeeren gef\u00fcllt.<br \/>Diese einzigartigen, s\u00e4uerlich-s\u00fc\u00dfen Fr\u00fcchte passen hervorragend zu luftiger Schlagsahne, aber auch zu leichter Puddingcreme,<br \/>Deshalb verschonen wir sie nicht f\u00fcr Erdbeerdesserts.<br \/>In unserem Erdbeerangebot empfehlen wir\u00a0<strong><a href=\"https:\/\/jacekplacek.com.pl\/de\/speichern\/truskawkowe\/biszkopt-z-truskawkami-i-galaretka\/\" target=\"_blank\" rel=\"noopener\">Biskuitkuchen mit Gelee und Sahne,<\/a><\/strong> mit einer dicken Schicht ganzer Erdbeeren. Vom Aussehen her sind sie einigerma\u00dfen \u00e4hnlich, in der Konsistenz jedoch v\u00f6llig unterschiedlich\u00a0<strong><a href=\"https:\/\/jacekplacek.com.pl\/de\/speichern\/kasekuchen-alles\/kalte-kasekuchen\/kalter-kasekuchen-mit-erdbeeren\/\" target=\"_blank\" rel=\"noopener\">kalter K\u00e4sekuchen,<\/a><\/strong> aufgebaut auf einer elastischen Basis aus K\u00e4semasse, auf einer d\u00fcnnen Schicht Sandkuchen.<br \/>Sie sehen sehr effektiv aus\u00a0<strong><a href=\"https:\/\/jacekplacek.com.pl\/de\/speichern\/truskawkowe\/tarta-truskawkowa-mini\/\" target=\"_blank\" rel=\"noopener\">Minit\u00f6rtchen mit frischen Erdbeeren,<\/a><\/strong> auf einer Schicht k\u00f6stlicher Vanillepuddingcreme \u2013 man muss sie nicht schneiden, so eine praktische Portion f\u00fcr ein paar Bissen ...\u00a0<br \/>Unsere saisonale Variante ist eine interessante Kombination aus einem fluffigen, saftigen Kuchen mit Erdbeerfr\u00fcchten\u00a0<strong><a href=\"https:\/\/jacekplacek.com.pl\/de\/speichern\/obstkuchen-3\/ciasto-jogurtowe-z-truskawkami\/\" target=\"_blank\" rel=\"noopener\">Joghurtkuchen<\/a><\/strong> mit wei\u00dfem Schokoladen\u00fcberzug, den wir mit der Zugabe von Kamtschatka-Beeren in unserem Dauerangebot backen.\u00a0<br \/>Wir empfehlen Ihnen, unsere Erdbeervorschl\u00e4ge zu probieren, solange sie noch verf\u00fcgbar sind!<\/p><p><strong><a href=\"https:\/\/jacekplacek.com.pl\/de\/produktkategorie\/truskawkowe\/\" target=\"_blank\" rel=\"noopener\">Erdbeerkuchen in der Konditorei Jacek Placek<\/a><\/strong><\/p>\t\t\t\t\t\t\t\t<\/div>\n\t\t\t\t<\/div>\n\t\t\t\t\t<\/div>\n\t\t<\/div>\n\t\t\t\t\t<\/div>\n\t\t<\/section>\n\t\t<div class=\"elementor-element elementor-element-5b834f4 e-flex e-con-boxed e-con e-parent\" data-id=\"5b834f4\" data-element_type=\"container\" data-settings=\"{&quot;jet_parallax_layout_list&quot;:[]}\">\n\t\t\t\t\t<div class=\"e-con-inner\">\n\t\t<div class=\"elementor-element elementor-element-1c3b89e e-con-full e-flex e-con e-child\" data-id=\"1c3b89e\" data-element_type=\"container\" data-settings=\"{&quot;jet_parallax_layout_list&quot;:[]}\">\n\t\t\t\t<div class=\"elementor-element elementor-element-aaf6b11 elementor-widget elementor-widget-image\" data-id=\"aaf6b11\" data-element_type=\"widget\" data-widget_type=\"image.default\">\n\t\t\t\t<div class=\"elementor-widget-container\">\n\t\t\t\t\t\t\t\t\t\t\t\t<figure class=\"wp-caption\">\n\t\t\t\t\t\t\t\t\t\t\t<a href=\"https:\/\/jacekplacek.com.pl\/de\/speichern\/truskawkowe\/biszkopt-z-truskawkami-i-galaretka\/\">\n\t\t\t\t\t\t\t<img fetchpriority=\"high\" decoding=\"async\" width=\"1200\" height=\"799\" src=\"https:\/\/jacekplacek.com.pl\/wp-content\/uploads\/2022\/06\/ZDJ_0641-1360x906.jpg\" class=\"attachment-large size-large wp-image-6640\" alt=\"Biskuitkuchen mit Sahne, Gelee und frischen Erdbeeren. Die S\u00fc\u00dfwaren von Jacek Placek stehen f\u00fcr den Geschmack hausgemachter Kuchen aus Naturprodukten.\" srcset=\"https:\/\/jacekplacek.com.pl\/wp-content\/uploads\/2022\/06\/ZDJ_0641-1360x906.jpg 1360w, https:\/\/jacekplacek.com.pl\/wp-content\/uploads\/2022\/06\/ZDJ_0641-350x233.jpg 350w, https:\/\/jacekplacek.com.pl\/wp-content\/uploads\/2022\/06\/ZDJ_0641-768x512.jpg 768w, https:\/\/jacekplacek.com.pl\/wp-content\/uploads\/2022\/06\/ZDJ_0641-1536x1024.jpg 1536w, https:\/\/jacekplacek.com.pl\/wp-content\/uploads\/2022\/06\/ZDJ_0641-600x400.jpg 600w, https:\/\/jacekplacek.com.pl\/wp-content\/uploads\/2022\/06\/ZDJ_0641.jpg 2000w\" sizes=\"(max-width: 1200px) 100vw, 1200px\" \/>\t\t\t\t\t\t\t\t<\/a>\n\t\t\t\t\t\t\t\t\t\t\t<figcaption class=\"widget-image-caption wp-caption-text\">Biskuitkuchen mit Gelee und Sahne<\/figcaption>\n\t\t\t\t\t\t\t\t\t\t<\/figure>\n\t\t\t\t\t\t\t\t\t<\/div>\n\t\t\t\t<\/div>\n\t\t\t\t<\/div>\n\t\t<div class=\"elementor-element elementor-element-4f1420e e-con-full e-flex e-con e-child\" data-id=\"4f1420e\" data-element_type=\"container\" data-settings=\"{&quot;jet_parallax_layout_list&quot;:[]}\">\n\t\t\t\t<div class=\"elementor-element elementor-element-b05daef elementor-widget elementor-widget-image\" data-id=\"b05daef\" data-element_type=\"widget\" data-widget_type=\"image.default\">\n\t\t\t\t<div class=\"elementor-widget-container\">\n\t\t\t\t\t\t\t\t\t\t\t\t<figure class=\"wp-caption\">\n\t\t\t\t\t\t\t\t\t\t\t<a href=\"https:\/\/jacekplacek.com.pl\/de\/speichern\/kasekuchen-alles\/kalte-kasekuchen\/kalter-kasekuchen-mit-erdbeeren\/\">\n\t\t\t\t\t\t\t<img decoding=\"async\" width=\"1200\" height=\"799\" src=\"https:\/\/jacekplacek.com.pl\/wp-content\/uploads\/2022\/06\/ZDJ_0631-1360x906.jpg\" class=\"attachment-large size-large wp-image-6644\" alt=\"Kalter K\u00e4sekuchen mit Erdbeeren und Gelee3. Die S\u00fc\u00dfwaren von Jacek Placek stehen f\u00fcr den Geschmack hausgemachter Kuchen aus Naturprodukten.\" srcset=\"https:\/\/jacekplacek.com.pl\/wp-content\/uploads\/2022\/06\/ZDJ_0631-1360x906.jpg 1360w, https:\/\/jacekplacek.com.pl\/wp-content\/uploads\/2022\/06\/ZDJ_0631-350x233.jpg 350w, https:\/\/jacekplacek.com.pl\/wp-content\/uploads\/2022\/06\/ZDJ_0631-768x512.jpg 768w, https:\/\/jacekplacek.com.pl\/wp-content\/uploads\/2022\/06\/ZDJ_0631-1536x1024.jpg 1536w, https:\/\/jacekplacek.com.pl\/wp-content\/uploads\/2022\/06\/ZDJ_0631-600x400.jpg 600w, https:\/\/jacekplacek.com.pl\/wp-content\/uploads\/2022\/06\/ZDJ_0631.jpg 2000w\" sizes=\"(max-width: 1200px) 100vw, 1200px\" \/>\t\t\t\t\t\t\t\t<\/a>\n\t\t\t\t\t\t\t\t\t\t\t<figcaption class=\"widget-image-caption wp-caption-text\">Kalter K\u00e4sekuchen mit Erdbeeren<\/figcaption>\n\t\t\t\t\t\t\t\t\t\t<\/figure>\n\t\t\t\t\t\t\t\t\t<\/div>\n\t\t\t\t<\/div>\n\t\t\t\t<\/div>\n\t\t<div class=\"elementor-element elementor-element-9492617 e-con-full e-flex e-con e-child\" data-id=\"9492617\" data-element_type=\"container\" data-settings=\"{&quot;jet_parallax_layout_list&quot;:[]}\">\n\t\t\t\t<div class=\"elementor-element elementor-element-a1641e0 elementor-widget elementor-widget-image\" data-id=\"a1641e0\" data-element_type=\"widget\" data-widget_type=\"image.default\">\n\t\t\t\t<div class=\"elementor-widget-container\">\n\t\t\t\t\t\t\t\t\t\t\t\t<figure class=\"wp-caption\">\n\t\t\t\t\t\t\t\t\t\t\t<a href=\"https:\/\/jacekplacek.com.pl\/de\/speichern\/truskawkowe\/tarta-truskawkowa-mini\/\">\n\t\t\t\t\t\t\t<img decoding=\"async\" width=\"1200\" height=\"799\" src=\"https:\/\/jacekplacek.com.pl\/wp-content\/uploads\/2022\/06\/ZDJ_0617-1360x906.jpg\" class=\"attachment-large size-large wp-image-6630\" alt=\"Erdbeert\u00f6rtchen Mini-S\u00fc\u00dfwaren Jacek Placek ist ein Synonym f\u00fcr den Geschmack hausgemachter Kuchen aus Naturprodukten.\" srcset=\"https:\/\/jacekplacek.com.pl\/wp-content\/uploads\/2022\/06\/ZDJ_0617-1360x906.jpg 1360w, https:\/\/jacekplacek.com.pl\/wp-content\/uploads\/2022\/06\/ZDJ_0617-350x233.jpg 350w, https:\/\/jacekplacek.com.pl\/wp-content\/uploads\/2022\/06\/ZDJ_0617-768x512.jpg 768w, https:\/\/jacekplacek.com.pl\/wp-content\/uploads\/2022\/06\/ZDJ_0617-1536x1024.jpg 1536w, https:\/\/jacekplacek.com.pl\/wp-content\/uploads\/2022\/06\/ZDJ_0617-600x400.jpg 600w, https:\/\/jacekplacek.com.pl\/wp-content\/uploads\/2022\/06\/ZDJ_0617.jpg 2000w\" sizes=\"(max-width: 1200px) 100vw, 1200px\" \/>\t\t\t\t\t\t\t\t<\/a>\n\t\t\t\t\t\t\t\t\t\t\t<figcaption class=\"widget-image-caption wp-caption-text\">Mini-Tarte mit Erdbeeren und Vanilleso\u00dfe<\/figcaption>\n\t\t\t\t\t\t\t\t\t\t<\/figure>\n\t\t\t\t\t\t\t\t\t<\/div>\n\t\t\t\t<\/div>\n\t\t\t\t<\/div>\n\t\t<div class=\"elementor-element elementor-element-33a92fa e-con-full e-flex e-con e-child\" data-id=\"33a92fa\" data-element_type=\"container\" data-settings=\"{&quot;jet_parallax_layout_list&quot;:[]}\">\n\t\t\t\t<div class=\"elementor-element elementor-element-f0ff93b elementor-widget elementor-widget-image\" data-id=\"f0ff93b\" data-element_type=\"widget\" data-widget_type=\"image.default\">\n\t\t\t\t<div class=\"elementor-widget-container\">\n\t\t\t\t\t\t\t\t\t\t\t\t<figure class=\"wp-caption\">\n\t\t\t\t\t\t\t\t\t\t\t<a href=\"https:\/\/jacekplacek.com.pl\/de\/speichern\/obstkuchen-3\/ciasto-jogurtowe-z-truskawkami\/\">\n\t\t\t\t\t\t\t<img loading=\"lazy\" decoding=\"async\" width=\"1200\" height=\"799\" src=\"https:\/\/jacekplacek.com.pl\/wp-content\/uploads\/2022\/06\/ZDJ_0669-1360x906.jpg\" class=\"attachment-large size-large wp-image-6651\" alt=\"Joghurtkuchen mit Erdbeeren. 2 Die S\u00fc\u00dfwaren von Jacek Placek sind ein Synonym f\u00fcr den Geschmack hausgemachter Kuchen aus Naturprodukten.\" srcset=\"https:\/\/jacekplacek.com.pl\/wp-content\/uploads\/2022\/06\/ZDJ_0669-1360x906.jpg 1360w, https:\/\/jacekplacek.com.pl\/wp-content\/uploads\/2022\/06\/ZDJ_0669-350x233.jpg 350w, https:\/\/jacekplacek.com.pl\/wp-content\/uploads\/2022\/06\/ZDJ_0669-768x512.jpg 768w, https:\/\/jacekplacek.com.pl\/wp-content\/uploads\/2022\/06\/ZDJ_0669-1536x1024.jpg 1536w, https:\/\/jacekplacek.com.pl\/wp-content\/uploads\/2022\/06\/ZDJ_0669-600x400.jpg 600w, https:\/\/jacekplacek.com.pl\/wp-content\/uploads\/2022\/06\/ZDJ_0669.jpg 2000w\" sizes=\"(max-width: 1200px) 100vw, 1200px\" \/>\t\t\t\t\t\t\t\t<\/a>\n\t\t\t\t\t\t\t\t\t\t\t<figcaption class=\"widget-image-caption wp-caption-text\">Joghurtkuchen mit Erdbeeren und wei\u00dfer Schokolade<\/figcaption>\n\t\t\t\t\t\t\t\t\t\t<\/figure>\n\t\t\t\t\t\t\t\t\t<\/div>\n\t\t\t\t<\/div>\n\t\t\t\t<\/div>\n\t\t\t\t\t<\/div>\n\t\t\t\t<\/div>\n\t\t\t\t<\/div>","protected":false},"excerpt":{"rendered":"<p>Mamy pierwszy dzie\u0144 lipca \u2013 lato rozgo\u015bci\u0142o si\u0119 na dobre, a sezon na truskawki wci\u0105\u017c trwa. Teraz kupujemy do naszych ciast te najs\u0142odsze, kaszubskie, letnie owoce. Korzystamy z tego dobrodziejstwa Natury, ile si\u0119 da, produkuj\u0105c dla Was serniki na zimno, galaretki, biszkopty i mini tarty. Wszystko wype\u0142nione po brzegi \u015bwie\u017cymi, pachn\u0105cymi truskawkami. Do tych wyj\u0105tkowych, [&hellip;]<\/p>","protected":false},"author":3,"featured_media":6802,"comment_status":"closed","ping_status":"closed","sticky":false,"template":"","format":"standard","meta":{"content-type":"","footnotes":""},"categories":[1],"tags":[577,569,572,575,574,573,576,570,568,571],"class_list":["post-6976","post","type-post","status-publish","format-standard","has-post-thumbnail","hentry","category-aktualnosci","tag-biszkopt-z-galaretka-i-truskawkami","tag-ciasta-z-truskawkami","tag-ciasto-jogurtowe-z-truskawkami","tag-cukiernia-jacek-placek-gdansk-osowa","tag-cukiernia-jacek-placek-gdansk-zaspa","tag-cukiernia-jacek-placek-gowino","tag-cukiernia-jacek-placek-sopot","tag-sernik-na-zimno-z-truskawkami","tag-sezon-truskawkowy","tag-tarta-z-truskawkami","entry","has-media","owp-thumbs-layout-horizontal","owp-btn-normal","owp-tabs-layout-horizontal","has-no-thumbnails","has-product-nav"],"acf":[],"_links":{"self":[{"href":"https:\/\/jacekplacek.com.pl\/de\/wp-json\/wp\/v2\/posts\/6976","targetHints":{"allow":["GET"]}}],"collection":[{"href":"https:\/\/jacekplacek.com.pl\/de\/wp-json\/wp\/v2\/posts"}],"about":[{"href":"https:\/\/jacekplacek.com.pl\/de\/wp-json\/wp\/v2\/types\/post"}],"author":[{"embeddable":true,"href":"https:\/\/jacekplacek.com.pl\/de\/wp-json\/wp\/v2\/users\/3"}],"replies":[{"embeddable":true,"href":"https:\/\/jacekplacek.com.pl\/de\/wp-json\/wp\/v2\/comments?post=6976"}],"version-history":[{"count":0,"href":"https:\/\/jacekplacek.com.pl\/de\/wp-json\/wp\/v2\/posts\/6976\/revisions"}],"wp:featuredmedia":[{"embeddable":true,"href":"https:\/\/jacekplacek.com.pl\/de\/wp-json\/wp\/v2\/media\/6802"}],"wp:attachment":[{"href":"https:\/\/jacekplacek.com.pl\/de\/wp-json\/wp\/v2\/media?parent=6976"}],"wp:term":[{"taxonomy":"category","embeddable":true,"href":"https:\/\/jacekplacek.com.pl\/de\/wp-json\/wp\/v2\/categories?post=6976"},{"taxonomy":"post_tag","embeddable":true,"href":"https:\/\/jacekplacek.com.pl\/de\/wp-json\/wp\/v2\/tags?post=6976"}],"curies":[{"name":"wp","href":"https:\/\/api.w.org\/{rel}","templated":true}]}}