{"id":7260,"date":"2022-07-28T18:15:41","date_gmt":"2022-07-28T16:15:41","guid":{"rendered":"https:\/\/jacekplacek.com.pl\/?p=7260"},"modified":"2022-07-28T18:42:40","modified_gmt":"2022-07-28T16:42:40","slug":"30-cervenec-je-svetovym-dnem-tvarohovych-kolacu","status":"publish","type":"post","link":"https:\/\/jacekplacek.com.pl\/cs\/30-cervenec-je-svetovym-dnem-tvarohovych-kolacu\/","title":{"rendered":"30. \u010dervence - Sv\u011btov\u00fd den tvarohov\u00fdch kol\u00e1\u010d\u016f"},"content":{"rendered":"<div data-elementor-type=\"wp-post\" data-elementor-id=\"7260\" class=\"elementor elementor-7260\" data-elementor-post-type=\"post\">\n\t\t\t\t\t\t<section class=\"elementor-section elementor-top-section elementor-element elementor-element-403eef90 elementor-section-boxed elementor-section-height-default elementor-section-height-default\" data-id=\"403eef90\" data-element_type=\"section\" data-settings=\"{&quot;jet_parallax_layout_list&quot;:[]}\">\n\t\t\t\t\t\t<div class=\"elementor-container elementor-column-gap-default\">\n\t\t\t\t\t<div class=\"elementor-column elementor-col-100 elementor-top-column elementor-element elementor-element-11b8bed8\" data-id=\"11b8bed8\" data-element_type=\"column\">\n\t\t\t<div class=\"elementor-widget-wrap elementor-element-populated\">\n\t\t\t\t\t\t<div class=\"elementor-element elementor-element-6ff3db58 elementor-widget elementor-widget-text-editor\" data-id=\"6ff3db58\" data-element_type=\"widget\" data-widget_type=\"text-editor.default\">\n\t\t\t\t<div class=\"elementor-widget-container\">\n\t\t\t\t\t\t\t\t\t<p>Dort na b\u00e1zi tvarohu, vajec a cukru, zn\u00e1m\u00fd t\u00e9m\u011b\u0159 po cel\u00e9m sv\u011bt\u011b, se slav\u00ed o letn\u00edch pr\u00e1zdnin\u00e1ch - je to ide\u00e1ln\u00ed \u010das oslavit brilantn\u00ed chu\u0165 tvarohov\u00e9ho kol\u00e1\u010de a mno\u017estv\u00ed druh\u016f va\u0161\u00edm obl\u00edben\u00fdm kouskem.<br>\n<br>Historick\u00e9 prameny \u0159\u00edkaj\u00ed, \u017ee tvarohov\u00fd kol\u00e1\u010d byl zn\u00e1m ve starov\u011bk\u00e9 \u0159\u00edmsk\u00e9 a hel\u00e9nsk\u00e9 kultu\u0159e a u\u017e\u00edval se p\u0159i zvl\u00e1\u0161tn\u00edch p\u0159\u00edle\u017eitostech a b\u011bhem her.<\/p>\n<p>V na\u0161ich kon\u010din\u00e1ch si tvarohov\u00fd kol\u00e1\u010d z\u00edskal p\u0159\u00edze\u0148 labu\u017en\u00edk\u016f pravd\u011bpodobn\u011b d\u00edky kr\u00e1li Janu II. Sobiesk\u00e9mu, kter\u00fd se pr\u00fd o t\u00e9to specialit\u011b dozv\u011bd\u011bl p\u0159i sv\u00fdch v\u00fdprav\u00e1ch do V\u00eddn\u011b.<br>\n<br>Lahodn\u00fd, kr\u00e9mov\u00fd z\u00e1klad se hod\u00ed k v\u011bt\u0161in\u011b dort\u016f a p\u0159\u00edsad pou\u017e\u00edvan\u00fdch v cukr\u00e1\u0159stv\u00ed - pe\u010den\u00e9, va\u0159en\u00e9 i studen\u00e9 tvarohov\u00e9 kol\u00e1\u010de, s k\u0159ehk\u00fdm nebo p\u00edskov\u00fdm t\u011bstem i bez n\u011bj, maj\u00ed sv\u00e9 p\u0159\u00edznivce.<\/p>\n<p>Cheesecakes jsou kombinovan\u00e9 s m\u00e1kem, s kakaov\u00fdm dortem, s vrstvami ovoce a su\u0161en\u00e9ho ovoce, s meringue cloudem a s \u010dokol\u00e1dovou polevou, studen\u00e9 verze - krom\u011b nejobl\u00edben\u011bj\u0161\u00ed ovocn\u00e9 verze v \u017eel\u00e9 - jsou kombinov\u00e1ny s n\u00e1dechem \u010dokol\u00e1dy nebo sko\u0159ice .<\/p>\t\t\t\t\t\t\t\t<\/div>\n\t\t\t\t<\/div>\n\t\t\t\t\t<\/div>\n\t\t<\/div>\n\t\t\t\t\t<\/div>\n\t\t<\/section>\n\t\t<div class=\"elementor-element elementor-element-39e8b69 e-flex e-con-boxed e-con e-parent\" data-id=\"39e8b69\" data-element_type=\"container\" data-settings=\"{&quot;jet_parallax_layout_list&quot;:[]}\">\n\t\t\t\t\t<div class=\"e-con-inner\">\n\t\t\t\t<div class=\"elementor-element elementor-element-68dfa42 elementor-widget elementor-widget-image\" data-id=\"68dfa42\" data-element_type=\"widget\" data-widget_type=\"image.default\">\n\t\t\t\t<div class=\"elementor-widget-container\">\n\t\t\t\t\t\t\t\t\t\t\t\t\t\t\t<img fetchpriority=\"high\" decoding=\"async\" width=\"1200\" height=\"799\" src=\"https:\/\/jacekplacek.com.pl\/wp-content\/uploads\/2022\/07\/MG_2342-1360x906.jpg\" class=\"attachment-large size-large wp-image-7265\" alt=\"\" srcset=\"https:\/\/jacekplacek.com.pl\/wp-content\/uploads\/2022\/07\/MG_2342-1360x906.jpg 1360w, https:\/\/jacekplacek.com.pl\/wp-content\/uploads\/2022\/07\/MG_2342-350x233.jpg 350w, https:\/\/jacekplacek.com.pl\/wp-content\/uploads\/2022\/07\/MG_2342-768x512.jpg 768w, https:\/\/jacekplacek.com.pl\/wp-content\/uploads\/2022\/07\/MG_2342-1536x1024.jpg 1536w, https:\/\/jacekplacek.com.pl\/wp-content\/uploads\/2022\/07\/MG_2342-600x400.jpg 600w, https:\/\/jacekplacek.com.pl\/wp-content\/uploads\/2022\/07\/MG_2342.jpg 2000w\" sizes=\"(max-width: 1200px) 100vw, 1200px\" \/>\t\t\t\t\t\t\t\t\t\t\t\t\t\t\t<\/div>\n\t\t\t\t<\/div>\n\t\t\t\t<div class=\"elementor-element elementor-element-21ce4f5 elementor-widget elementor-widget-text-editor\" data-id=\"21ce4f5\" data-element_type=\"widget\" data-widget_type=\"text-editor.default\">\n\t\t\t\t<div class=\"elementor-widget-container\">\n\t\t\t\t\t\t\t\t\t<p><span style=\"font-size: 18px;text-align: var(--text-align)\">Bez fale\u0161n\u00e9 skromnosti m\u016f\u017eeme \u0159\u00edci, \u017ee v na\u0161\u00ed internetov\u00e9 cukr\u00e1rn\u011b si ka\u017ed\u00fd najde svou obl\u00edbenou verzi cheesecaku - sta\u010d\u00ed kliknout <\/span><a href=\"https:\/\/jacekplacek.com.pl\/cs\/kategorie-produktu\/tvarohove-kolace-vse\/\" target=\"_blank\" rel=\"noopener\" style=\"font-size: 18px;text-align: var(--text-align)\"><strong>tady<\/strong> a<\/a><span style=\"font-size: 18px;text-align: var(--text-align)\">&nbsp;seznamte se s nab\u00eddkou obchodu.<\/span><br><\/p>\n<p>U p\u0159\u00edle\u017eitosti tvarohov\u00e9ho sv\u00e1tku p\u0159ejeme v\u0161em, a\u0165 se spln\u00ed jeho nejslad\u0161\u00ed touhy a vyz\u00fdv\u00e1me v\u00e1s k ochutn\u00e1n\u00ed \u010dty\u0159 na\u0161ich &quot;vlajkov\u00fdch&quot; tvarohov\u00fdch dort\u016f...<\/p>\t\t\t\t\t\t\t\t<\/div>\n\t\t\t\t<\/div>\n\t\t\t\t\t<\/div>\n\t\t\t\t<\/div>\n\t\t\t\t<\/div>","protected":false},"excerpt":{"rendered":"<p>Znane niemal na ca\u0142ym \u015bwiecie ciasto na bazie twarogu, jajek i cukru ma swoje \u015bwi\u0119to w porze letnich wakacji &#8211; to idealny czas, aby uczci\u0107 genialny smak sernika i mnogo\u015b\u0107 odmian jakim\u015b ulubionym kawa\u0142kiem. \u0179r\u00f3d\u0142a historyczne m\u00f3wi\u0105, \u017ce sernik znano w staro\u017cytnych kulturach rzymskich i helle\u0144skich, delektowano si\u0119 nim przy wyj\u0105tkowych okazjach i w czasie [&hellip;]<\/p>","protected":false},"author":3,"featured_media":7263,"comment_status":"closed","ping_status":"closed","sticky":false,"template":"","format":"standard","meta":{"content-type":"","footnotes":""},"categories":[1],"tags":[575,574,573,576,597,595,596],"class_list":["post-7260","post","type-post","status-publish","format-standard","has-post-thumbnail","hentry","category-aktualnosci","tag-cukiernia-jacek-placek-gdansk-osowa","tag-cukiernia-jacek-placek-gdansk-zaspa","tag-cukiernia-jacek-placek-gowino","tag-cukiernia-jacek-placek-sopot","tag-dzien-sernika","tag-sernik","tag-sernik-na-zimno","entry","has-media","owp-thumbs-layout-horizontal","owp-btn-normal","owp-tabs-layout-horizontal","has-no-thumbnails","has-product-nav"],"acf":[],"_links":{"self":[{"href":"https:\/\/jacekplacek.com.pl\/cs\/wp-json\/wp\/v2\/posts\/7260","targetHints":{"allow":["GET"]}}],"collection":[{"href":"https:\/\/jacekplacek.com.pl\/cs\/wp-json\/wp\/v2\/posts"}],"about":[{"href":"https:\/\/jacekplacek.com.pl\/cs\/wp-json\/wp\/v2\/types\/post"}],"author":[{"embeddable":true,"href":"https:\/\/jacekplacek.com.pl\/cs\/wp-json\/wp\/v2\/users\/3"}],"replies":[{"embeddable":true,"href":"https:\/\/jacekplacek.com.pl\/cs\/wp-json\/wp\/v2\/comments?post=7260"}],"version-history":[{"count":0,"href":"https:\/\/jacekplacek.com.pl\/cs\/wp-json\/wp\/v2\/posts\/7260\/revisions"}],"wp:featuredmedia":[{"embeddable":true,"href":"https:\/\/jacekplacek.com.pl\/cs\/wp-json\/wp\/v2\/media\/7263"}],"wp:attachment":[{"href":"https:\/\/jacekplacek.com.pl\/cs\/wp-json\/wp\/v2\/media?parent=7260"}],"wp:term":[{"taxonomy":"category","embeddable":true,"href":"https:\/\/jacekplacek.com.pl\/cs\/wp-json\/wp\/v2\/categories?post=7260"},{"taxonomy":"post_tag","embeddable":true,"href":"https:\/\/jacekplacek.com.pl\/cs\/wp-json\/wp\/v2\/tags?post=7260"}],"curies":[{"name":"wp","href":"https:\/\/api.w.org\/{rel}","templated":true}]}}