{"id":10240,"date":"2023-08-02T11:52:07","date_gmt":"2023-08-02T09:52:07","guid":{"rendered":"https:\/\/jacekplacek.com.pl\/?p=10240"},"modified":"2023-11-02T10:51:36","modified_gmt":"2023-11-02T09:51:36","slug":"jak-usporadat-dokonale-narozeniny-pro-dite-2","status":"publish","type":"post","link":"https:\/\/jacekplacek.com.pl\/cs\/jak-usporadat-dokonale-narozeniny-pro-dite-2\/","title":{"rendered":"Jak uspo\u0159\u00e1dat perfektn\u00ed narozeninovou oslavu pro d\u00edt\u011b?"},"content":{"rendered":"<p><span style=\"font-weight: 400;\">\u017divot rodi\u010de se skl\u00e1d\u00e1 z v\u011bt\u0161\u00edch a men\u0161\u00edch povinnost\u00ed. Jedn\u00edm z nich je uspo\u0159\u00e1dat narozeninovou oslavu pro va\u0161e d\u00edt\u011b. Aby byl tento den v\u00fdjime\u010dn\u00fd a radostn\u00fd pro celou rodinu, v\u0161echny pozvan\u00e9 hosty a p\u0159edev\u0161\u00edm pro va\u0161e d\u00edt\u011b, mus\u00ed b\u00fdt tento sv\u00e1tek pe\u010dliv\u011b p\u0159ipraven. V tomto \u010dl\u00e1nku v\u00e1m krok za krokem uk\u00e1\u017eeme, jak uspo\u0159\u00e1dat \u00fasp\u011b\u0161nou narozeninovou oslavu.<\/span><\/p>\n<h2><b>V\u00fdb\u011br m\u00edsta ve\u010d\u00edrku<\/b><\/h2>\n<p><a href=\"https:\/\/jacekplacek.com.pl\/cs\/kategorie-produktu\/kolace\/\"><img fetchpriority=\"high\" decoding=\"async\" class=\"alignright wp-image-9463 size-medium\" src=\"https:\/\/jacekplacek.com.pl\/wp-content\/uploads\/2023\/05\/ZDJ_0176-350x233.jpg\" alt=\"\" width=\"350\" height=\"233\" srcset=\"https:\/\/jacekplacek.com.pl\/wp-content\/uploads\/2023\/05\/ZDJ_0176-350x233.jpg 350w, https:\/\/jacekplacek.com.pl\/wp-content\/uploads\/2023\/05\/ZDJ_0176-1360x906.jpg 1360w, https:\/\/jacekplacek.com.pl\/wp-content\/uploads\/2023\/05\/ZDJ_0176-768x512.jpg 768w, https:\/\/jacekplacek.com.pl\/wp-content\/uploads\/2023\/05\/ZDJ_0176-1536x1024.jpg 1536w, https:\/\/jacekplacek.com.pl\/wp-content\/uploads\/2023\/05\/ZDJ_0176-600x400.jpg 600w, https:\/\/jacekplacek.com.pl\/wp-content\/uploads\/2023\/05\/ZDJ_0176.jpg 2000w\" sizes=\"(max-width: 350px) 100vw, 350px\" \/><\/a><\/p>\n<p><span style=\"font-weight: 400;\">Nejprve se zamyslete nad t\u00edm spr\u00e1vn\u00fdm m\u00edstem, kde byste cht\u011bli uspo\u0159\u00e1dat narozeninovou oslavu. V sou\u010dasn\u00e9 dob\u011b se stalo velmi popul\u00e1rn\u00ed pronaj\u00edm\u00e1n\u00ed heren nebo d\u011btsk\u00fdch kluboven pro po\u0159\u00e1d\u00e1n\u00ed takov\u00fdch akc\u00ed. V t\u00e9to situaci budete moci vyu\u017e\u00edt p\u00e9\u010di a animace anim\u00e1tora, stejn\u011b jako na m\u00edst\u011b objednat ob\u010derstven\u00ed a n\u00e1poje pro d\u011bti a ostatn\u00ed hosty. Tato organiza\u010dn\u00ed mo\u017enost m\u00e1 spoustu v\u00fdhod, proto\u017ee zbavuje rodi\u010de mnoha povinnost\u00ed, jako je \u00faklid po oslav\u011b, ale p\u0159edev\u0161\u00edm vym\u00fd\u0161len\u00ed her a aktivit pro d\u011bti nebo po\u0159\u00e1d\u00e1n\u00ed dal\u0161\u00edch atrakc\u00ed.<\/span><\/p>\n<p><span style=\"font-weight: 400;\">Na druhou stranu i tradi\u010dn\u00ed oslavy doma maj\u00ed sv\u00e9 kouzlo. Je to jist\u011b levn\u011bj\u0161\u00ed varianta pro p\u00e1rty a zaru\u010duje bezpe\u010dnou, dom\u00e1ckou atmosf\u00e9ru. Pokud nav\u00edc pl\u00e1nujete pozvat hlavn\u011b svou rodinu, bude tato volba mnohem lep\u0161\u00edm \u0159e\u0161en\u00edm ne\u017e herna. V t\u00e9to situaci p\u0159ipad\u00e1 \u00fakol uspo\u0159\u00e1dat dal\u0161\u00ed atrakce sp\u00ed\u0161e na rodi\u010de, i kdy\u017e je m\u016f\u017eete zkusit vymyslet a p\u0159ipravit spole\u010dn\u011b s d\u00edt\u011btem. A pokud se na to nec\u00edt\u00edte, st\u00e1le je tu mo\u017enost najmout si \u010dlov\u011bka na realizaci animace.<\/span><\/p>\n<h2><b>Pozv\u00e1nky a narozeninov\u00e9 dekorace<\/b><\/h2>\n<p><span style=\"font-weight: 400;\">Kdy\u017e se ji\u017e rozhodnete pro m\u00edsto oslavy, dal\u0161\u00edm krokem bude stanoven\u00ed po\u010dtu host\u016f a upozorn\u011bn\u00ed na pl\u00e1novanou p\u00e1rty. Doporu\u010dujeme v\u00e1m, abyste pozv\u00e1nky vytvo\u0159ili spole\u010dn\u011b se sv\u00fdm d\u00edt\u011btem nebo dokonce sv\u011b\u0159ili tento \u00fakol jemu samotn\u00e9mu. To sam\u00e9 s narozeninovou v\u00fdzdobou. Je to skv\u011bl\u00e1 p\u0159\u00edle\u017eitost, jak str\u00e1vit rodinn\u00fd \u010das kreativn\u00edm zp\u016fsobem! A co v\u00edc, va\u0161e d\u00edt\u011b bude m\u00edt \u0161anci se zapojit do p\u0159\u00edprav akce. Jak\u00e9 dekorace tedy m\u016f\u017eete vytvo\u0159it? Na narozeninov\u00e9 oslav\u011b by nem\u011bly chyb\u011bt barevn\u00e9 \u0161pi\u010dat\u00e9 \u010depice, konfety a f\u00e1borky. M\u016f\u017eete tak\u00e9 vyrobit n\u00e1pis s barevn\u00fdmi p\u00edsmeny tvo\u0159\u00edc\u00edmi slogan: &quot;V\u0161echno nejlep\u0161\u00ed k narozenin\u00e1m!&quot;, a pot\u00e9 jej pov\u011bsit na viditeln\u00e9 m\u00edsto. Krom\u011b toho jsou samoz\u0159ejm\u011b ned\u00edlnou sou\u010d\u00e1st\u00ed ka\u017ed\u00e9 narozeninov\u00e9 oslavy balonky, kter\u00e9 je samoz\u0159ejm\u011b pot\u0159eba dokoupit, ale vyplat\u00ed se zapojit i va\u0161e d\u00edt\u011b, aby je nafouklo.<\/span><\/p>\n<h2><b>Narozeninov\u00e9 menu a dort<\/b><\/h2>\n<p><a href=\"https:\/\/jacekplacek.com.pl\/cs\/obchod\/kolace\/kolace-2\/jahodovo-vegansky-dort\/\"><img decoding=\"async\" class=\"alignleft wp-image-9600 size-medium\" src=\"https:\/\/jacekplacek.com.pl\/wp-content\/uploads\/2022\/06\/2023-06-09-Tort-truskawkowy-weganski-bez-laktozy-1600px-3-350x233.jpg\" alt=\"\" width=\"350\" height=\"233\" srcset=\"https:\/\/jacekplacek.com.pl\/wp-content\/uploads\/2022\/06\/2023-06-09-Tort-truskawkowy-weganski-bez-laktozy-1600px-3-350x233.jpg 350w, https:\/\/jacekplacek.com.pl\/wp-content\/uploads\/2022\/06\/2023-06-09-Tort-truskawkowy-weganski-bez-laktozy-1600px-3-1360x907.jpg 1360w, https:\/\/jacekplacek.com.pl\/wp-content\/uploads\/2022\/06\/2023-06-09-Tort-truskawkowy-weganski-bez-laktozy-1600px-3-768x512.jpg 768w, https:\/\/jacekplacek.com.pl\/wp-content\/uploads\/2022\/06\/2023-06-09-Tort-truskawkowy-weganski-bez-laktozy-1600px-3-1536x1024.jpg 1536w, https:\/\/jacekplacek.com.pl\/wp-content\/uploads\/2022\/06\/2023-06-09-Tort-truskawkowy-weganski-bez-laktozy-1600px-3-600x400.jpg 600w, https:\/\/jacekplacek.com.pl\/wp-content\/uploads\/2022\/06\/2023-06-09-Tort-truskawkowy-weganski-bez-laktozy-1600px-3.jpg 1600w\" sizes=\"(max-width: 350px) 100vw, 350px\" \/><\/a><\/p>\n<p><span style=\"font-weight: 400;\">Dal\u0161\u00ed f\u00e1z\u00ed p\u0159\u00edpravy bude ur\u010den\u00ed vhodn\u00e9ho j\u00eddeln\u00ed\u010dku a objedn\u00e1vky<span style=\"color: #3366ff;\"><strong> =&gt;<\/strong><\/span><\/span><span style=\"color: #3366ff;\"><strong><a style=\"color: #3366ff;\" href=\"https:\/\/jacekplacek.com.pl\/cs\/kategorie-produktu\/kolace\/\">dort<\/a><\/strong><\/span><span style=\"font-weight: 400;\">, kter\u00fd je povinnou sou\u010d\u00e1st\u00ed programu na ka\u017ed\u00e9 narozeninov\u00e9 oslav\u011b. Pokud budou hosty hlavn\u011b d\u011bti, vyplat\u00ed se myslet na zdrav\u00e9 sva\u010diny, aby na stole nevl\u00e1dlo sladkosti. Dobr\u00fd n\u00e1pad je ovoce a zelenina nakr\u00e1jen\u00e9 na kousky a nudli\u010dky. Nav\u00edc chleb\u00ed\u010dky zaj\u00edmav\u011b zdoben\u00e9, aby pol\u00e1kaly o\u010di va\u0161ich nejmen\u0161\u00edch. A samoz\u0159ejm\u011b r\u016fzn\u00e9 lahodn\u00e9 <strong><span style=\"color: #3366ff;\">=&gt;<\/span><\/strong><\/span><strong><span style=\"color: #3366ff;\"><a style=\"color: #3366ff;\" href=\"https:\/\/jacekplacek.com.pl\/cs\/produkty\/\">kol\u00e1\u010de<\/a>, <a style=\"color: #3366ff;\" href=\"https:\/\/jacekplacek.com.pl\/cs\/kategorie-produktu\/cookies-a-cookies\/\">=&gt; cookies a cookies<\/a><\/span><\/strong><span style=\"font-weight: 400;\"><strong><span style=\"color: #3366ff;\">.<\/span><\/strong> Toto sladk\u00e9 pe\u010divo si m\u016f\u017eete p\u0159ipravit sami nebo si je objednat ve vybran\u00e9 cukr\u00e1rn\u011b \u2013 toto \u0159e\u0161en\u00ed v\u00e1m jist\u011b u\u0161et\u0159\u00ed \u010das i s\u00edly p\u0159ed ve\u010d\u00edrkem. To sam\u00e9 s narozeninov\u00fdm dortem. Zde se vyplat\u00ed spolehnout se na profesion\u00e1ly a zadat jej do osv\u011bd\u010den\u00e9 cukr\u00e1rny, kde budou zohledn\u011bny va\u0161e individu\u00e1ln\u00ed preference typu a chuti dortu a kr\u00e9m\u016f, jeho tvaru a p\u0159\u00edle\u017eitostn\u00e9ho zdoben\u00ed. Takov\u00e1 varianta zad\u00e1v\u00e1n\u00ed objedn\u00e1vek dort\u016f je v nab\u00eddce <strong><span style=\"color: #3366ff;\">=&gt;<\/span><\/strong><\/span><strong><span style=\"color: #3366ff;\"><a style=\"color: #3366ff;\" href=\"https:\/\/jacekplacek.com.pl\/cs\">Prodejny zna\u010dky Jacek Placek<\/a><\/span><\/strong><span style=\"font-weight: 400;\">. V\u00fdb\u011brem na\u0161\u00ed cukr\u00e1rny nav\u00edc budete moci vyu\u017e\u00edt mo\u017enosti doru\u010den\u00ed na uvedenou adresu, d\u00edky kter\u00e9 se k v\u00e1m narozeninov\u00fd dort dostane bezpe\u010dn\u011b a v\u010das.\u00a0<\/span><\/p>\n<p>&nbsp;<\/p>\n<h2><b>Suven\u00fdry pro hosty<\/b><\/h2>\n<p><a href=\"https:\/\/jacekplacek.com.pl\/wp-content\/uploads\/2023\/07\/Ciasto-cytrynowe-1600-4k-5-scaled.jpg\"><img decoding=\"async\" class=\"alignright wp-image-10114 size-medium\" src=\"https:\/\/jacekplacek.com.pl\/wp-content\/uploads\/2023\/07\/Ciasto-cytrynowe-1600-4k-5-350x350.jpg\" alt=\"\" width=\"350\" height=\"350\" srcset=\"https:\/\/jacekplacek.com.pl\/wp-content\/uploads\/2023\/07\/Ciasto-cytrynowe-1600-4k-5-350x350.jpg 350w, https:\/\/jacekplacek.com.pl\/wp-content\/uploads\/2023\/07\/Ciasto-cytrynowe-1600-4k-5-1360x1360.jpg 1360w, https:\/\/jacekplacek.com.pl\/wp-content\/uploads\/2023\/07\/Ciasto-cytrynowe-1600-4k-5-768x768.jpg 768w, https:\/\/jacekplacek.com.pl\/wp-content\/uploads\/2023\/07\/Ciasto-cytrynowe-1600-4k-5-1536x1536.jpg 1536w, https:\/\/jacekplacek.com.pl\/wp-content\/uploads\/2023\/07\/Ciasto-cytrynowe-1600-4k-5-2048x2048.jpg 2048w, https:\/\/jacekplacek.com.pl\/wp-content\/uploads\/2023\/07\/Ciasto-cytrynowe-1600-4k-5-12x12.jpg 12w, https:\/\/jacekplacek.com.pl\/wp-content\/uploads\/2023\/07\/Ciasto-cytrynowe-1600-4k-5-600x600.jpg 600w, https:\/\/jacekplacek.com.pl\/wp-content\/uploads\/2023\/07\/Ciasto-cytrynowe-1600-4k-5-300x300.jpg 300w, https:\/\/jacekplacek.com.pl\/wp-content\/uploads\/2023\/07\/Ciasto-cytrynowe-1600-4k-5-100x100.jpg 100w\" sizes=\"(max-width: 350px) 100vw, 350px\" \/><\/a><\/p>\n<p><span style=\"font-weight: 400;\">Nakonec stoj\u00ed za to p\u0159em\u00fd\u0161let o organizaci mal\u00fdch d\u00e1rk\u016f pro d\u011bti, kter\u00e9 dorazily. Bude to pro n\u011b velmi p\u011bkn\u00fd suven\u00fdr z oslavy narozenin a va\u0161e d\u00edt\u011b bude moci sd\u00edlet radost z obdr\u017een\u00fdch d\u00e1rk\u016f s ostatn\u00edmi hosty. Takov\u00e9 d\u00e1rky m\u016f\u017eete vymyslet p\u0159edem a vyrobit je spole\u010dn\u011b s va\u0161\u00edm d\u00edt\u011btem, co\u017e je tak\u00e9 dal\u0161\u00ed p\u0159\u00edle\u017eitost pro v\u00e1s, abyste uk\u00e1zali svou rodinnou kreativitu. Pokud v\u0161ak d\u00e1v\u00e1te p\u0159ednost v\u00fdb\u011bru ji\u017e hotov\u00fdch d\u00e1rk\u016f, mohou b\u00fdt zaj\u00edmav\u00fdm n\u00e1padem bal\u00f3nky napln\u011bn\u00e9 heliem, nap\u0159\u00edklad ve tvaru zv\u00ed\u0159\u00e1tek, vozidel nebo poh\u00e1dkov\u00fdch postavi\u010dek. Je to mal\u00fd n\u00e1klad a takov\u00fd l\u00e9taj\u00edc\u00ed bal\u00f3nek v\u017edy skv\u011ble zabav\u00ed ka\u017ed\u00e9 d\u00edt\u011b. Dal\u0161\u00edm n\u00e1vrhem m\u016f\u017ee b\u00fdt sladk\u00fd d\u00e1rek v podob\u011b p\u011bkn\u011b zabalen\u00fdch su\u0161enek, kter\u00e9 si jist\u011b budete moci p\u0159idat k objedn\u00e1vce dortu a dal\u0161\u00edho pe\u010diva ve V\u00e1mi zvolen\u00e9m <\/span><strong><span style=\"color: #3366ff;\"><a style=\"color: #3366ff;\" href=\"https:\/\/jacekplacek.com.pl\/cs\">=&gt; cukr\u00e1rna<\/a><\/span><\/strong><span style=\"font-weight: 400;\"><strong><span style=\"color: #3366ff;\">.<\/span> <\/strong>V\u0161ichni host\u00e9 tak dostanou tak\u00e9 d\u00e1rky od va\u0161eho d\u00edt\u011bte, kter\u00e9 budou mil\u00fdm akcentem zakon\u010den\u00ed narozeninov\u00e9 oslavy.<\/span><\/p>","protected":false},"excerpt":{"rendered":"<p>\u017bycie rodzica sk\u0142ada si\u0119 z wi\u0119kszych i mniejszych obowi\u0105zk\u00f3w. Jednym z nich jest zorganizowanie przyj\u0119cia urodzinowego dla swojego dziecka. Aby ten dzie\u0144 by\u0142 wyj\u0105tkowy i radosny dla ca\u0142ej rodziny, wszystkich zaproszonych Go\u015bci, a przede wszystkim dla Waszej pociechy, trzeba to \u015bwi\u0119to starannie przygotowa\u0107. W tym artykule krok po kroku podpowiadamy, jak urz\u0105dzi\u0107 udane urodziny. Wyb\u00f3r [&hellip;]<\/p>","protected":false},"author":129,"featured_media":10127,"comment_status":"closed","ping_status":"closed","sticky":false,"template":"","format":"standard","meta":{"content-type":"","footnotes":""},"categories":[1],"tags":[],"class_list":["post-10240","post","type-post","status-publish","format-standard","has-post-thumbnail","hentry","category-aktualnosci","entry","has-media","owp-thumbs-layout-horizontal","owp-btn-normal","owp-tabs-layout-horizontal","has-no-thumbnails","has-product-nav"],"acf":[],"_links":{"self":[{"href":"https:\/\/jacekplacek.com.pl\/cs\/wp-json\/wp\/v2\/posts\/10240","targetHints":{"allow":["GET"]}}],"collection":[{"href":"https:\/\/jacekplacek.com.pl\/cs\/wp-json\/wp\/v2\/posts"}],"about":[{"href":"https:\/\/jacekplacek.com.pl\/cs\/wp-json\/wp\/v2\/types\/post"}],"author":[{"embeddable":true,"href":"https:\/\/jacekplacek.com.pl\/cs\/wp-json\/wp\/v2\/users\/129"}],"replies":[{"embeddable":true,"href":"https:\/\/jacekplacek.com.pl\/cs\/wp-json\/wp\/v2\/comments?post=10240"}],"version-history":[{"count":0,"href":"https:\/\/jacekplacek.com.pl\/cs\/wp-json\/wp\/v2\/posts\/10240\/revisions"}],"wp:featuredmedia":[{"embeddable":true,"href":"https:\/\/jacekplacek.com.pl\/cs\/wp-json\/wp\/v2\/media\/10127"}],"wp:attachment":[{"href":"https:\/\/jacekplacek.com.pl\/cs\/wp-json\/wp\/v2\/media?parent=10240"}],"wp:term":[{"taxonomy":"category","embeddable":true,"href":"https:\/\/jacekplacek.com.pl\/cs\/wp-json\/wp\/v2\/categories?post=10240"},{"taxonomy":"post_tag","embeddable":true,"href":"https:\/\/jacekplacek.com.pl\/cs\/wp-json\/wp\/v2\/tags?post=10240"}],"curies":[{"name":"wp","href":"https:\/\/api.w.org\/{rel}","templated":true}]}}